{"id":2182,"date":"2015-06-18T06:57:22","date_gmt":"2015-06-18T06:57:22","guid":{"rendered":"http:\/\/blogsaverroes.juntadeandalucia.es\/temafrontieries\/?p=2182"},"modified":"2023-03-08T17:00:09","modified_gmt":"2023-03-08T17:00:09","slug":"programa-de-inmersion-linguistica-en-ingles-para-el-verano-2015","status":"publish","type":"post","link":"https:\/\/www.iestorreolvidada.com\/index.php\/2015\/06\/18\/programa-de-inmersion-linguistica-en-ingles-para-el-verano-2015\/","title":{"rendered":"Programa de Inmersi\u00f3n Ling\u00fc\u00edstica en ingl\u00e9s para el verano 2015"},"content":{"rendered":"<p><img loading=\"lazy\" decoding=\"async\" class=\"aligncenter size-medium wp-image-2183\" src=\"http:\/\/blogsaverroes.juntadeandalucia.es\/temafrontieries\/files\/2015\/06\/ingles_not-300x154.jpg\" alt=\"ingles_not\" width=\"300\" height=\"154\" srcset=\"https:\/\/www.iestorreolvidada.com\/wp-content\/uploads\/2015\/06\/ingles_not-300x154.jpg 300w, https:\/\/www.iestorreolvidada.com\/wp-content\/uploads\/2015\/06\/ingles_not-768x393.jpg 768w, https:\/\/www.iestorreolvidada.com\/wp-content\/uploads\/2015\/06\/ingles_not-480x246.jpg 480w, https:\/\/www.iestorreolvidada.com\/wp-content\/uploads\/2015\/06\/ingles_not.jpg 828w\" sizes=\"(max-width: 300px) 100vw, 300px\" \/><\/p>\n<h4>Convocatoria de ayudas para participar en un Programa de Inmersi\u00f3n Ling\u00fc\u00edstica en ingl\u00e9s para el verano 2015<\/h4>\n<p>El d\u00eda 31 de Marzo se public\u00f3 en el Bolet\u00edn Oficial del Estado\u00a0la convocatoria de <strong>1.870 ayudas<\/strong> para participar en un <strong>programa de inmersi\u00f3n ling\u00fc\u00edstica en colonias de vacaciones para el verano de 2015<\/strong>.<\/p>\n<p>Los\/las beneficiarios\/as asistir\u00e1n a colonias de inmersi\u00f3n ling\u00fc\u00edstica durante la<strong> primera o segunda quincena del mes de julio<\/strong>, en las que se impartir\u00e1n clases de\u00a0lengua inglesa complementadas con\u00a0actividades l\u00fadicas y deportivas que se desarrollar\u00e1n en instalaciones situadas en distintos puntos de la pen\u00ednsula.<\/p>\n<p><a href=\"http:\/\/blog.educalab.es\/cniie\/2015\/04\/08\/convocatoria-de-ayudas-para-participar-en-un-programa-de-inmersion-linguistica-en-ingles-para-el-verano-2015\/\" target=\"_blank\" rel=\"noopener\">Para mayor informaci\u00f3n&#8230;<\/a><\/p>\n","protected":false},"excerpt":{"rendered":"<p>Convocatoria de ayudas para participar en un Programa de Inmersi\u00f3n Ling\u00fc\u00edstica en ingl\u00e9s para el verano 2015 El d\u00eda 31 de Marzo se public\u00f3 en el Bolet\u00edn Oficial del Estado\u00a0la convocatoria de 1.870 ayudas para participar en un programa de inmersi\u00f3n ling\u00fc\u00edstica en colonias de vacaciones para el verano de 2015. Los\/las beneficiarios\/as asistir\u00e1n a [&hellip;]<\/p>\n","protected":false},"author":2,"featured_media":2183,"comment_status":"open","ping_status":"open","sticky":false,"template":"","format":"standard","meta":{"_et_pb_use_builder":"","_et_pb_old_content":"","_et_gb_content_width":"","_monsterinsights_skip_tracking":false,"_monsterinsights_sitenote_active":false,"_monsterinsights_sitenote_note":"","_monsterinsights_sitenote_category":0,"_jetpack_memberships_contains_paid_content":false,"footnotes":"","jetpack_publicize_message":"","jetpack_publicize_feature_enabled":true,"jetpack_social_post_already_shared":false,"jetpack_social_options":{"image_generator_settings":{"template":"highway","default_image_id":0,"font":"","enabled":false},"version":2}},"categories":[6,11],"tags":[],"class_list":["post-2182","post","type-post","status-publish","format-standard","has-post-thumbnail","hentry","category-departamentos","category-ingles"],"yoast_head":"<!-- This site is optimized with the Yoast SEO plugin v27.4 - https:\/\/yoast.com\/product\/yoast-seo-wordpress\/ -->\n<title>Programa de Inmersi\u00f3n Ling\u00fc\u00edstica en ingl\u00e9s para el verano 2015 - IES Torre Olvidada<\/title>\n<meta name=\"robots\" content=\"index, follow, max-snippet:-1, max-image-preview:large, max-video-preview:-1\" \/>\n<link rel=\"canonical\" href=\"https:\/\/www.iestorreolvidada.com\/index.php\/2015\/06\/18\/programa-de-inmersion-linguistica-en-ingles-para-el-verano-2015\/\" \/>\n<meta property=\"og:locale\" content=\"es_ES\" \/>\n<meta property=\"og:type\" content=\"article\" \/>\n<meta property=\"og:title\" content=\"Programa de Inmersi\u00f3n Ling\u00fc\u00edstica en ingl\u00e9s para el verano 2015 - IES Torre Olvidada\" \/>\n<meta property=\"og:description\" content=\"Convocatoria de ayudas para participar en un Programa de Inmersi\u00f3n Ling\u00fc\u00edstica en ingl\u00e9s para el verano 2015 El d\u00eda 31 de Marzo se public\u00f3 en el Bolet\u00edn Oficial del Estado\u00a0la convocatoria de 1.870 ayudas para participar en un programa de inmersi\u00f3n ling\u00fc\u00edstica en colonias de vacaciones para el verano de 2015. Los\/las beneficiarios\/as asistir\u00e1n a [&hellip;]\" \/>\n<meta property=\"og:url\" content=\"https:\/\/www.iestorreolvidada.com\/index.php\/2015\/06\/18\/programa-de-inmersion-linguistica-en-ingles-para-el-verano-2015\/\" \/>\n<meta property=\"og:site_name\" content=\"IES Torre Olvidada\" \/>\n<meta property=\"article:publisher\" content=\"https:\/\/www.facebook.com\/iestorreolvidada\" \/>\n<meta property=\"article:published_time\" content=\"2015-06-18T06:57:22+00:00\" \/>\n<meta property=\"article:modified_time\" content=\"2023-03-08T17:00:09+00:00\" \/>\n<meta property=\"og:image\" content=\"https:\/\/www.iestorreolvidada.com\/wp-content\/uploads\/2015\/06\/ingles_not.jpg\" \/>\n\t<meta property=\"og:image:width\" content=\"828\" \/>\n\t<meta property=\"og:image:height\" content=\"424\" \/>\n\t<meta property=\"og:image:type\" content=\"image\/jpeg\" \/>\n<meta name=\"author\" content=\"IES Torre Olvidada\" \/>\n<meta name=\"twitter:card\" content=\"summary_large_image\" \/>\n<meta name=\"twitter:creator\" content=\"@torre_ies\" \/>\n<meta name=\"twitter:site\" content=\"@torre_ies\" \/>\n<meta name=\"twitter:label1\" content=\"Escrito por\" \/>\n\t<meta name=\"twitter:data1\" content=\"IES Torre Olvidada\" \/>\n\t<meta name=\"twitter:label2\" content=\"Tiempo de lectura\" \/>\n\t<meta name=\"twitter:data2\" content=\"1 minuto\" \/>\n<script type=\"application\/ld+json\" class=\"yoast-schema-graph\">{\"@context\":\"https:\\\/\\\/schema.org\",\"@graph\":[{\"@type\":\"Article\",\"@id\":\"https:\\\/\\\/www.iestorreolvidada.com\\\/index.php\\\/2015\\\/06\\\/18\\\/programa-de-inmersion-linguistica-en-ingles-para-el-verano-2015\\\/#article\",\"isPartOf\":{\"@id\":\"https:\\\/\\\/www.iestorreolvidada.com\\\/index.php\\\/2015\\\/06\\\/18\\\/programa-de-inmersion-linguistica-en-ingles-para-el-verano-2015\\\/\"},\"author\":{\"name\":\"IES Torre Olvidada\",\"@id\":\"https:\\\/\\\/www.iestorreolvidada.com\\\/#\\\/schema\\\/person\\\/d5b3d5d54511de3cc4b20440de306183\"},\"headline\":\"Programa de Inmersi\u00f3n Ling\u00fc\u00edstica en ingl\u00e9s para el verano 2015\",\"datePublished\":\"2015-06-18T06:57:22+00:00\",\"dateModified\":\"2023-03-08T17:00:09+00:00\",\"mainEntityOfPage\":{\"@id\":\"https:\\\/\\\/www.iestorreolvidada.com\\\/index.php\\\/2015\\\/06\\\/18\\\/programa-de-inmersion-linguistica-en-ingles-para-el-verano-2015\\\/\"},\"wordCount\":125,\"commentCount\":0,\"publisher\":{\"@id\":\"https:\\\/\\\/www.iestorreolvidada.com\\\/#organization\"},\"image\":{\"@id\":\"https:\\\/\\\/www.iestorreolvidada.com\\\/index.php\\\/2015\\\/06\\\/18\\\/programa-de-inmersion-linguistica-en-ingles-para-el-verano-2015\\\/#primaryimage\"},\"thumbnailUrl\":\"https:\\\/\\\/www.iestorreolvidada.com\\\/wp-content\\\/uploads\\\/2015\\\/06\\\/ingles_not.jpg\",\"articleSection\":[\"Departamentos\",\"Ingl\u00e9s\"],\"inLanguage\":\"es\",\"potentialAction\":[{\"@type\":\"CommentAction\",\"name\":\"Comment\",\"target\":[\"https:\\\/\\\/www.iestorreolvidada.com\\\/index.php\\\/2015\\\/06\\\/18\\\/programa-de-inmersion-linguistica-en-ingles-para-el-verano-2015\\\/#respond\"]}]},{\"@type\":\"WebPage\",\"@id\":\"https:\\\/\\\/www.iestorreolvidada.com\\\/index.php\\\/2015\\\/06\\\/18\\\/programa-de-inmersion-linguistica-en-ingles-para-el-verano-2015\\\/\",\"url\":\"https:\\\/\\\/www.iestorreolvidada.com\\\/index.php\\\/2015\\\/06\\\/18\\\/programa-de-inmersion-linguistica-en-ingles-para-el-verano-2015\\\/\",\"name\":\"Programa de Inmersi\u00f3n Ling\u00fc\u00edstica en ingl\u00e9s para el verano 2015 - IES Torre Olvidada\",\"isPartOf\":{\"@id\":\"https:\\\/\\\/www.iestorreolvidada.com\\\/#website\"},\"primaryImageOfPage\":{\"@id\":\"https:\\\/\\\/www.iestorreolvidada.com\\\/index.php\\\/2015\\\/06\\\/18\\\/programa-de-inmersion-linguistica-en-ingles-para-el-verano-2015\\\/#primaryimage\"},\"image\":{\"@id\":\"https:\\\/\\\/www.iestorreolvidada.com\\\/index.php\\\/2015\\\/06\\\/18\\\/programa-de-inmersion-linguistica-en-ingles-para-el-verano-2015\\\/#primaryimage\"},\"thumbnailUrl\":\"https:\\\/\\\/www.iestorreolvidada.com\\\/wp-content\\\/uploads\\\/2015\\\/06\\\/ingles_not.jpg\",\"datePublished\":\"2015-06-18T06:57:22+00:00\",\"dateModified\":\"2023-03-08T17:00:09+00:00\",\"breadcrumb\":{\"@id\":\"https:\\\/\\\/www.iestorreolvidada.com\\\/index.php\\\/2015\\\/06\\\/18\\\/programa-de-inmersion-linguistica-en-ingles-para-el-verano-2015\\\/#breadcrumb\"},\"inLanguage\":\"es\",\"potentialAction\":[{\"@type\":\"ReadAction\",\"target\":[\"https:\\\/\\\/www.iestorreolvidada.com\\\/index.php\\\/2015\\\/06\\\/18\\\/programa-de-inmersion-linguistica-en-ingles-para-el-verano-2015\\\/\"]}]},{\"@type\":\"ImageObject\",\"inLanguage\":\"es\",\"@id\":\"https:\\\/\\\/www.iestorreolvidada.com\\\/index.php\\\/2015\\\/06\\\/18\\\/programa-de-inmersion-linguistica-en-ingles-para-el-verano-2015\\\/#primaryimage\",\"url\":\"https:\\\/\\\/www.iestorreolvidada.com\\\/wp-content\\\/uploads\\\/2015\\\/06\\\/ingles_not.jpg\",\"contentUrl\":\"https:\\\/\\\/www.iestorreolvidada.com\\\/wp-content\\\/uploads\\\/2015\\\/06\\\/ingles_not.jpg\",\"width\":828,\"height\":424},{\"@type\":\"BreadcrumbList\",\"@id\":\"https:\\\/\\\/www.iestorreolvidada.com\\\/index.php\\\/2015\\\/06\\\/18\\\/programa-de-inmersion-linguistica-en-ingles-para-el-verano-2015\\\/#breadcrumb\",\"itemListElement\":[{\"@type\":\"ListItem\",\"position\":1,\"name\":\"Portada\",\"item\":\"https:\\\/\\\/www.iestorreolvidada.com\\\/\"},{\"@type\":\"ListItem\",\"position\":2,\"name\":\"Programa de Inmersi\u00f3n Ling\u00fc\u00edstica en ingl\u00e9s para el verano 2015\"}]},{\"@type\":\"WebSite\",\"@id\":\"https:\\\/\\\/www.iestorreolvidada.com\\\/#website\",\"url\":\"https:\\\/\\\/www.iestorreolvidada.com\\\/\",\"name\":\"IES Torre Olvidada\",\"description\":\"Instituto de Ense\u00f1anza Secundaria - Torredelcampo\",\"publisher\":{\"@id\":\"https:\\\/\\\/www.iestorreolvidada.com\\\/#organization\"},\"potentialAction\":[{\"@type\":\"SearchAction\",\"target\":{\"@type\":\"EntryPoint\",\"urlTemplate\":\"https:\\\/\\\/www.iestorreolvidada.com\\\/?s={search_term_string}\"},\"query-input\":{\"@type\":\"PropertyValueSpecification\",\"valueRequired\":true,\"valueName\":\"search_term_string\"}}],\"inLanguage\":\"es\"},{\"@type\":\"Organization\",\"@id\":\"https:\\\/\\\/www.iestorreolvidada.com\\\/#organization\",\"name\":\"IES Torre Olvidada\",\"url\":\"https:\\\/\\\/www.iestorreolvidada.com\\\/\",\"logo\":{\"@type\":\"ImageObject\",\"inLanguage\":\"es\",\"@id\":\"https:\\\/\\\/www.iestorreolvidada.com\\\/#\\\/schema\\\/logo\\\/image\\\/\",\"url\":\"https:\\\/\\\/i0.wp.com\\\/www.iestorreolvidada.com\\\/wp-content\\\/uploads\\\/2023\\\/02\\\/LOGO-IES_antiguo-2.jpg?fit=1819%2C2002&ssl=1\",\"contentUrl\":\"https:\\\/\\\/i0.wp.com\\\/www.iestorreolvidada.com\\\/wp-content\\\/uploads\\\/2023\\\/02\\\/LOGO-IES_antiguo-2.jpg?fit=1819%2C2002&ssl=1\",\"width\":1819,\"height\":2002,\"caption\":\"IES Torre Olvidada\"},\"image\":{\"@id\":\"https:\\\/\\\/www.iestorreolvidada.com\\\/#\\\/schema\\\/logo\\\/image\\\/\"},\"sameAs\":[\"https:\\\/\\\/www.facebook.com\\\/iestorreolvidada\",\"https:\\\/\\\/x.com\\\/torre_ies\",\"https:\\\/\\\/www.instagram.com\\\/ies_torre_olvidada\\\/?hl=es\"]},{\"@type\":\"Person\",\"@id\":\"https:\\\/\\\/www.iestorreolvidada.com\\\/#\\\/schema\\\/person\\\/d5b3d5d54511de3cc4b20440de306183\",\"name\":\"IES Torre Olvidada\",\"image\":{\"@type\":\"ImageObject\",\"inLanguage\":\"es\",\"@id\":\"https:\\\/\\\/secure.gravatar.com\\\/avatar\\\/97634abbab78eb99a51cdc7b71ef263856b45acddbb79c08da9aa97d8ecd37ee?s=96&d=mm&r=g\",\"url\":\"https:\\\/\\\/secure.gravatar.com\\\/avatar\\\/97634abbab78eb99a51cdc7b71ef263856b45acddbb79c08da9aa97d8ecd37ee?s=96&d=mm&r=g\",\"contentUrl\":\"https:\\\/\\\/secure.gravatar.com\\\/avatar\\\/97634abbab78eb99a51cdc7b71ef263856b45acddbb79c08da9aa97d8ecd37ee?s=96&d=mm&r=g\",\"caption\":\"IES Torre Olvidada\"},\"url\":\"https:\\\/\\\/www.iestorreolvidada.com\\\/index.php\\\/author\\\/comunicacion_trrolvdd\\\/\"}]}<\/script>\n<!-- \/ Yoast SEO plugin. -->","yoast_head_json":{"title":"Programa de Inmersi\u00f3n Ling\u00fc\u00edstica en ingl\u00e9s para el verano 2015 - IES Torre Olvidada","robots":{"index":"index","follow":"follow","max-snippet":"max-snippet:-1","max-image-preview":"max-image-preview:large","max-video-preview":"max-video-preview:-1"},"canonical":"https:\/\/www.iestorreolvidada.com\/index.php\/2015\/06\/18\/programa-de-inmersion-linguistica-en-ingles-para-el-verano-2015\/","og_locale":"es_ES","og_type":"article","og_title":"Programa de Inmersi\u00f3n Ling\u00fc\u00edstica en ingl\u00e9s para el verano 2015 - IES Torre Olvidada","og_description":"Convocatoria de ayudas para participar en un Programa de Inmersi\u00f3n Ling\u00fc\u00edstica en ingl\u00e9s para el verano 2015 El d\u00eda 31 de Marzo se public\u00f3 en el Bolet\u00edn Oficial del Estado\u00a0la convocatoria de 1.870 ayudas para participar en un programa de inmersi\u00f3n ling\u00fc\u00edstica en colonias de vacaciones para el verano de 2015. Los\/las beneficiarios\/as asistir\u00e1n a [&hellip;]","og_url":"https:\/\/www.iestorreolvidada.com\/index.php\/2015\/06\/18\/programa-de-inmersion-linguistica-en-ingles-para-el-verano-2015\/","og_site_name":"IES Torre Olvidada","article_publisher":"https:\/\/www.facebook.com\/iestorreolvidada","article_published_time":"2015-06-18T06:57:22+00:00","article_modified_time":"2023-03-08T17:00:09+00:00","og_image":[{"width":828,"height":424,"url":"https:\/\/www.iestorreolvidada.com\/wp-content\/uploads\/2015\/06\/ingles_not.jpg","type":"image\/jpeg"}],"author":"IES Torre Olvidada","twitter_card":"summary_large_image","twitter_creator":"@torre_ies","twitter_site":"@torre_ies","twitter_misc":{"Escrito por":"IES Torre Olvidada","Tiempo de lectura":"1 minuto"},"schema":{"@context":"https:\/\/schema.org","@graph":[{"@type":"Article","@id":"https:\/\/www.iestorreolvidada.com\/index.php\/2015\/06\/18\/programa-de-inmersion-linguistica-en-ingles-para-el-verano-2015\/#article","isPartOf":{"@id":"https:\/\/www.iestorreolvidada.com\/index.php\/2015\/06\/18\/programa-de-inmersion-linguistica-en-ingles-para-el-verano-2015\/"},"author":{"name":"IES Torre Olvidada","@id":"https:\/\/www.iestorreolvidada.com\/#\/schema\/person\/d5b3d5d54511de3cc4b20440de306183"},"headline":"Programa de Inmersi\u00f3n Ling\u00fc\u00edstica en ingl\u00e9s para el verano 2015","datePublished":"2015-06-18T06:57:22+00:00","dateModified":"2023-03-08T17:00:09+00:00","mainEntityOfPage":{"@id":"https:\/\/www.iestorreolvidada.com\/index.php\/2015\/06\/18\/programa-de-inmersion-linguistica-en-ingles-para-el-verano-2015\/"},"wordCount":125,"commentCount":0,"publisher":{"@id":"https:\/\/www.iestorreolvidada.com\/#organization"},"image":{"@id":"https:\/\/www.iestorreolvidada.com\/index.php\/2015\/06\/18\/programa-de-inmersion-linguistica-en-ingles-para-el-verano-2015\/#primaryimage"},"thumbnailUrl":"https:\/\/www.iestorreolvidada.com\/wp-content\/uploads\/2015\/06\/ingles_not.jpg","articleSection":["Departamentos","Ingl\u00e9s"],"inLanguage":"es","potentialAction":[{"@type":"CommentAction","name":"Comment","target":["https:\/\/www.iestorreolvidada.com\/index.php\/2015\/06\/18\/programa-de-inmersion-linguistica-en-ingles-para-el-verano-2015\/#respond"]}]},{"@type":"WebPage","@id":"https:\/\/www.iestorreolvidada.com\/index.php\/2015\/06\/18\/programa-de-inmersion-linguistica-en-ingles-para-el-verano-2015\/","url":"https:\/\/www.iestorreolvidada.com\/index.php\/2015\/06\/18\/programa-de-inmersion-linguistica-en-ingles-para-el-verano-2015\/","name":"Programa de Inmersi\u00f3n Ling\u00fc\u00edstica en ingl\u00e9s para el verano 2015 - IES Torre Olvidada","isPartOf":{"@id":"https:\/\/www.iestorreolvidada.com\/#website"},"primaryImageOfPage":{"@id":"https:\/\/www.iestorreolvidada.com\/index.php\/2015\/06\/18\/programa-de-inmersion-linguistica-en-ingles-para-el-verano-2015\/#primaryimage"},"image":{"@id":"https:\/\/www.iestorreolvidada.com\/index.php\/2015\/06\/18\/programa-de-inmersion-linguistica-en-ingles-para-el-verano-2015\/#primaryimage"},"thumbnailUrl":"https:\/\/www.iestorreolvidada.com\/wp-content\/uploads\/2015\/06\/ingles_not.jpg","datePublished":"2015-06-18T06:57:22+00:00","dateModified":"2023-03-08T17:00:09+00:00","breadcrumb":{"@id":"https:\/\/www.iestorreolvidada.com\/index.php\/2015\/06\/18\/programa-de-inmersion-linguistica-en-ingles-para-el-verano-2015\/#breadcrumb"},"inLanguage":"es","potentialAction":[{"@type":"ReadAction","target":["https:\/\/www.iestorreolvidada.com\/index.php\/2015\/06\/18\/programa-de-inmersion-linguistica-en-ingles-para-el-verano-2015\/"]}]},{"@type":"ImageObject","inLanguage":"es","@id":"https:\/\/www.iestorreolvidada.com\/index.php\/2015\/06\/18\/programa-de-inmersion-linguistica-en-ingles-para-el-verano-2015\/#primaryimage","url":"https:\/\/www.iestorreolvidada.com\/wp-content\/uploads\/2015\/06\/ingles_not.jpg","contentUrl":"https:\/\/www.iestorreolvidada.com\/wp-content\/uploads\/2015\/06\/ingles_not.jpg","width":828,"height":424},{"@type":"BreadcrumbList","@id":"https:\/\/www.iestorreolvidada.com\/index.php\/2015\/06\/18\/programa-de-inmersion-linguistica-en-ingles-para-el-verano-2015\/#breadcrumb","itemListElement":[{"@type":"ListItem","position":1,"name":"Portada","item":"https:\/\/www.iestorreolvidada.com\/"},{"@type":"ListItem","position":2,"name":"Programa de Inmersi\u00f3n Ling\u00fc\u00edstica en ingl\u00e9s para el verano 2015"}]},{"@type":"WebSite","@id":"https:\/\/www.iestorreolvidada.com\/#website","url":"https:\/\/www.iestorreolvidada.com\/","name":"IES Torre Olvidada","description":"Instituto de Ense\u00f1anza Secundaria - Torredelcampo","publisher":{"@id":"https:\/\/www.iestorreolvidada.com\/#organization"},"potentialAction":[{"@type":"SearchAction","target":{"@type":"EntryPoint","urlTemplate":"https:\/\/www.iestorreolvidada.com\/?s={search_term_string}"},"query-input":{"@type":"PropertyValueSpecification","valueRequired":true,"valueName":"search_term_string"}}],"inLanguage":"es"},{"@type":"Organization","@id":"https:\/\/www.iestorreolvidada.com\/#organization","name":"IES Torre Olvidada","url":"https:\/\/www.iestorreolvidada.com\/","logo":{"@type":"ImageObject","inLanguage":"es","@id":"https:\/\/www.iestorreolvidada.com\/#\/schema\/logo\/image\/","url":"https:\/\/i0.wp.com\/www.iestorreolvidada.com\/wp-content\/uploads\/2023\/02\/LOGO-IES_antiguo-2.jpg?fit=1819%2C2002&ssl=1","contentUrl":"https:\/\/i0.wp.com\/www.iestorreolvidada.com\/wp-content\/uploads\/2023\/02\/LOGO-IES_antiguo-2.jpg?fit=1819%2C2002&ssl=1","width":1819,"height":2002,"caption":"IES Torre Olvidada"},"image":{"@id":"https:\/\/www.iestorreolvidada.com\/#\/schema\/logo\/image\/"},"sameAs":["https:\/\/www.facebook.com\/iestorreolvidada","https:\/\/x.com\/torre_ies","https:\/\/www.instagram.com\/ies_torre_olvidada\/?hl=es"]},{"@type":"Person","@id":"https:\/\/www.iestorreolvidada.com\/#\/schema\/person\/d5b3d5d54511de3cc4b20440de306183","name":"IES Torre Olvidada","image":{"@type":"ImageObject","inLanguage":"es","@id":"https:\/\/secure.gravatar.com\/avatar\/97634abbab78eb99a51cdc7b71ef263856b45acddbb79c08da9aa97d8ecd37ee?s=96&d=mm&r=g","url":"https:\/\/secure.gravatar.com\/avatar\/97634abbab78eb99a51cdc7b71ef263856b45acddbb79c08da9aa97d8ecd37ee?s=96&d=mm&r=g","contentUrl":"https:\/\/secure.gravatar.com\/avatar\/97634abbab78eb99a51cdc7b71ef263856b45acddbb79c08da9aa97d8ecd37ee?s=96&d=mm&r=g","caption":"IES Torre Olvidada"},"url":"https:\/\/www.iestorreolvidada.com\/index.php\/author\/comunicacion_trrolvdd\/"}]}},"jetpack_publicize_connections":[],"jetpack_featured_media_url":"https:\/\/www.iestorreolvidada.com\/wp-content\/uploads\/2015\/06\/ingles_not.jpg","jetpack-related-posts":[],"jetpack_shortlink":"https:\/\/wp.me\/pemPlE-zc","jetpack_sharing_enabled":true,"_links":{"self":[{"href":"https:\/\/www.iestorreolvidada.com\/index.php\/wp-json\/wp\/v2\/posts\/2182","targetHints":{"allow":["GET"]}}],"collection":[{"href":"https:\/\/www.iestorreolvidada.com\/index.php\/wp-json\/wp\/v2\/posts"}],"about":[{"href":"https:\/\/www.iestorreolvidada.com\/index.php\/wp-json\/wp\/v2\/types\/post"}],"author":[{"embeddable":true,"href":"https:\/\/www.iestorreolvidada.com\/index.php\/wp-json\/wp\/v2\/users\/2"}],"replies":[{"embeddable":true,"href":"https:\/\/www.iestorreolvidada.com\/index.php\/wp-json\/wp\/v2\/comments?post=2182"}],"version-history":[{"count":0,"href":"https:\/\/www.iestorreolvidada.com\/index.php\/wp-json\/wp\/v2\/posts\/2182\/revisions"}],"wp:featuredmedia":[{"embeddable":true,"href":"https:\/\/www.iestorreolvidada.com\/index.php\/wp-json\/wp\/v2\/media\/2183"}],"wp:attachment":[{"href":"https:\/\/www.iestorreolvidada.com\/index.php\/wp-json\/wp\/v2\/media?parent=2182"}],"wp:term":[{"taxonomy":"category","embeddable":true,"href":"https:\/\/www.iestorreolvidada.com\/index.php\/wp-json\/wp\/v2\/categories?post=2182"},{"taxonomy":"post_tag","embeddable":true,"href":"https:\/\/www.iestorreolvidada.com\/index.php\/wp-json\/wp\/v2\/tags?post=2182"}],"curies":[{"name":"wp","href":"https:\/\/api.w.org\/{rel}","templated":true}]}}