{"id":2197,"date":"2015-06-18T08:31:23","date_gmt":"2015-06-18T08:31:23","guid":{"rendered":"http:\/\/blogsaverroes.juntadeandalucia.es\/temafrontieries\/?p=2197"},"modified":"2015-06-18T08:31:23","modified_gmt":"2015-06-18T08:31:23","slug":"concurso-hispanoamericano-de-ortografia","status":"publish","type":"post","link":"https:\/\/www.iestorreolvidada.com\/index.php\/2015\/06\/18\/concurso-hispanoamericano-de-ortografia\/","title":{"rendered":"Concurso Hispanoamericano de Ortograf\u00eda"},"content":{"rendered":"<div class=\"tituloCajaCentral\"><img loading=\"lazy\" decoding=\"async\" class=\"aligncenter size-medium wp-image-2198\" src=\"http:\/\/blogsaverroes.juntadeandalucia.es\/temafrontieries\/files\/2015\/06\/lengua_not2-300x143.jpg\" alt=\"lengua_not2\" width=\"300\" height=\"143\" srcset=\"https:\/\/www.iestorreolvidada.com\/wp-content\/uploads\/2015\/06\/lengua_not2-300x143.jpg 300w, https:\/\/www.iestorreolvidada.com\/wp-content\/uploads\/2015\/06\/lengua_not2-480x229.jpg 480w, https:\/\/www.iestorreolvidada.com\/wp-content\/uploads\/2015\/06\/lengua_not2.jpg 630w\" sizes=\"(max-width: 300px) 100vw, 300px\" \/><\/div>\n<h4 id=\"aui-3-2-0PR1-1274\" class=\"tituloCajaCentral\"><span id=\"aui-3-2-0PR1-1270\" title=\"Concurso Hispanoamericano de Ortograf\u00eda Convocatoria 2015\">Concurso Hispanoamericano de Ortograf\u00eda Convocatoria 2015 <\/span><\/h4>\n<div class=\"botonesCajaCentral\">\u00a0El objeto de estos premios es el reconocimiento al especial aprovechamiento del alumnado que haya cursado cualquiera de las ense\u00f1anzas establecidas en la Ley Org\u00e1nica 2\/2006, de 3 de mayo, de Educaci\u00f3n con un rendimiento acad\u00e9mico excelente y que se se\u00f1alan a continuaci\u00f3n:Se convoca la fase nacional del XVI Concurso Hispanoamericano de Ortograf\u00eda del a\u00f1o 2015 que tiene por objeto fomentar el uso correcto de la lengua espa\u00f1ola.<a href=\"http:\/\/portalaverroes.ced.junta-andalucia.es\/educacion\/portalaverroes\/noticias\/contenido\/concurso-hispanoamericano-de-ortografia-convocatoria-2015\" target=\"_blank\" rel=\"noopener\">Para mayor informaci\u00f3n&#8230;<\/a><\/p>\n<\/div>\n","protected":false},"excerpt":{"rendered":"<p>Concurso Hispanoamericano de Ortograf\u00eda Convocatoria 2015 \u00a0El objeto de estos premios es el reconocimiento al especial aprovechamiento del alumnado que haya cursado cualquiera de las ense\u00f1anzas establecidas en la Ley Org\u00e1nica 2\/2006, de 3 de mayo, de Educaci\u00f3n con un rendimiento acad\u00e9mico excelente y que se se\u00f1alan a continuaci\u00f3n:Se convoca la fase nacional del XVI [&hellip;]<\/p>\n","protected":false},"author":1,"featured_media":2198,"comment_status":"open","ping_status":"open","sticky":false,"template":"","format":"standard","meta":{"_et_pb_use_builder":"","_et_pb_old_content":"","_et_gb_content_width":"","_monsterinsights_skip_tracking":false,"_monsterinsights_sitenote_active":false,"_monsterinsights_sitenote_note":"","_monsterinsights_sitenote_category":0,"_jetpack_memberships_contains_paid_content":false,"footnotes":"","jetpack_publicize_message":"","jetpack_publicize_feature_enabled":true,"jetpack_social_post_already_shared":false,"jetpack_social_options":{"image_generator_settings":{"template":"highway","default_image_id":0,"font":"","enabled":false},"version":2}},"categories":[6,13],"tags":[],"class_list":["post-2197","post","type-post","status-publish","format-standard","has-post-thumbnail","hentry","category-departamentos","category-lengua-castellana-noticias"],"yoast_head":"<!-- This site is optimized with the Yoast SEO plugin v27.4 - https:\/\/yoast.com\/product\/yoast-seo-wordpress\/ -->\n<title>Concurso Hispanoamericano de Ortograf\u00eda - IES Torre Olvidada<\/title>\n<meta name=\"robots\" content=\"index, follow, max-snippet:-1, max-image-preview:large, max-video-preview:-1\" \/>\n<link rel=\"canonical\" href=\"https:\/\/www.iestorreolvidada.com\/index.php\/2015\/06\/18\/concurso-hispanoamericano-de-ortografia\/\" \/>\n<meta property=\"og:locale\" content=\"es_ES\" \/>\n<meta property=\"og:type\" content=\"article\" \/>\n<meta property=\"og:title\" content=\"Concurso Hispanoamericano de Ortograf\u00eda - IES Torre Olvidada\" \/>\n<meta property=\"og:description\" content=\"Concurso Hispanoamericano de Ortograf\u00eda Convocatoria 2015 \u00a0El objeto de estos premios es el reconocimiento al especial aprovechamiento del alumnado que haya cursado cualquiera de las ense\u00f1anzas establecidas en la Ley Org\u00e1nica 2\/2006, de 3 de mayo, de Educaci\u00f3n con un rendimiento acad\u00e9mico excelente y que se se\u00f1alan a continuaci\u00f3n:Se convoca la fase nacional del XVI [&hellip;]\" \/>\n<meta property=\"og:url\" content=\"https:\/\/www.iestorreolvidada.com\/index.php\/2015\/06\/18\/concurso-hispanoamericano-de-ortografia\/\" \/>\n<meta property=\"og:site_name\" content=\"IES Torre Olvidada\" \/>\n<meta property=\"article:publisher\" content=\"https:\/\/www.facebook.com\/iestorreolvidada\" \/>\n<meta property=\"article:published_time\" content=\"2015-06-18T08:31:23+00:00\" \/>\n<meta property=\"og:image\" content=\"https:\/\/www.iestorreolvidada.com\/wp-content\/uploads\/2015\/06\/lengua_not2.jpg\" \/>\n\t<meta property=\"og:image:width\" content=\"630\" \/>\n\t<meta property=\"og:image:height\" content=\"300\" \/>\n\t<meta property=\"og:image:type\" content=\"image\/jpeg\" \/>\n<meta name=\"author\" content=\"IES Torre Olvidada\" \/>\n<meta name=\"twitter:card\" content=\"summary_large_image\" \/>\n<meta name=\"twitter:creator\" content=\"@torre_ies\" \/>\n<meta name=\"twitter:site\" content=\"@torre_ies\" \/>\n<meta name=\"twitter:label1\" content=\"Escrito por\" \/>\n\t<meta name=\"twitter:data1\" content=\"IES Torre Olvidada\" \/>\n<script type=\"application\/ld+json\" class=\"yoast-schema-graph\">{\"@context\":\"https:\\\/\\\/schema.org\",\"@graph\":[{\"@type\":\"Article\",\"@id\":\"https:\\\/\\\/www.iestorreolvidada.com\\\/index.php\\\/2015\\\/06\\\/18\\\/concurso-hispanoamericano-de-ortografia\\\/#article\",\"isPartOf\":{\"@id\":\"https:\\\/\\\/www.iestorreolvidada.com\\\/index.php\\\/2015\\\/06\\\/18\\\/concurso-hispanoamericano-de-ortografia\\\/\"},\"author\":{\"name\":\"IES Torre Olvidada\",\"@id\":\"https:\\\/\\\/www.iestorreolvidada.com\\\/#\\\/schema\\\/person\\\/ed89d43e5ad4e40a9984ba656379bfee\"},\"headline\":\"Concurso Hispanoamericano de Ortograf\u00eda\",\"datePublished\":\"2015-06-18T08:31:23+00:00\",\"mainEntityOfPage\":{\"@id\":\"https:\\\/\\\/www.iestorreolvidada.com\\\/index.php\\\/2015\\\/06\\\/18\\\/concurso-hispanoamericano-de-ortografia\\\/\"},\"wordCount\":90,\"commentCount\":0,\"publisher\":{\"@id\":\"https:\\\/\\\/www.iestorreolvidada.com\\\/#organization\"},\"image\":{\"@id\":\"https:\\\/\\\/www.iestorreolvidada.com\\\/index.php\\\/2015\\\/06\\\/18\\\/concurso-hispanoamericano-de-ortografia\\\/#primaryimage\"},\"thumbnailUrl\":\"https:\\\/\\\/www.iestorreolvidada.com\\\/wp-content\\\/uploads\\\/2015\\\/06\\\/lengua_not2.jpg\",\"articleSection\":[\"Departamentos\",\"Lengua Castellana Noticias\"],\"inLanguage\":\"es\",\"potentialAction\":[{\"@type\":\"CommentAction\",\"name\":\"Comment\",\"target\":[\"https:\\\/\\\/www.iestorreolvidada.com\\\/index.php\\\/2015\\\/06\\\/18\\\/concurso-hispanoamericano-de-ortografia\\\/#respond\"]}]},{\"@type\":\"WebPage\",\"@id\":\"https:\\\/\\\/www.iestorreolvidada.com\\\/index.php\\\/2015\\\/06\\\/18\\\/concurso-hispanoamericano-de-ortografia\\\/\",\"url\":\"https:\\\/\\\/www.iestorreolvidada.com\\\/index.php\\\/2015\\\/06\\\/18\\\/concurso-hispanoamericano-de-ortografia\\\/\",\"name\":\"Concurso Hispanoamericano de Ortograf\u00eda - IES Torre Olvidada\",\"isPartOf\":{\"@id\":\"https:\\\/\\\/www.iestorreolvidada.com\\\/#website\"},\"primaryImageOfPage\":{\"@id\":\"https:\\\/\\\/www.iestorreolvidada.com\\\/index.php\\\/2015\\\/06\\\/18\\\/concurso-hispanoamericano-de-ortografia\\\/#primaryimage\"},\"image\":{\"@id\":\"https:\\\/\\\/www.iestorreolvidada.com\\\/index.php\\\/2015\\\/06\\\/18\\\/concurso-hispanoamericano-de-ortografia\\\/#primaryimage\"},\"thumbnailUrl\":\"https:\\\/\\\/www.iestorreolvidada.com\\\/wp-content\\\/uploads\\\/2015\\\/06\\\/lengua_not2.jpg\",\"datePublished\":\"2015-06-18T08:31:23+00:00\",\"breadcrumb\":{\"@id\":\"https:\\\/\\\/www.iestorreolvidada.com\\\/index.php\\\/2015\\\/06\\\/18\\\/concurso-hispanoamericano-de-ortografia\\\/#breadcrumb\"},\"inLanguage\":\"es\",\"potentialAction\":[{\"@type\":\"ReadAction\",\"target\":[\"https:\\\/\\\/www.iestorreolvidada.com\\\/index.php\\\/2015\\\/06\\\/18\\\/concurso-hispanoamericano-de-ortografia\\\/\"]}]},{\"@type\":\"ImageObject\",\"inLanguage\":\"es\",\"@id\":\"https:\\\/\\\/www.iestorreolvidada.com\\\/index.php\\\/2015\\\/06\\\/18\\\/concurso-hispanoamericano-de-ortografia\\\/#primaryimage\",\"url\":\"https:\\\/\\\/www.iestorreolvidada.com\\\/wp-content\\\/uploads\\\/2015\\\/06\\\/lengua_not2.jpg\",\"contentUrl\":\"https:\\\/\\\/www.iestorreolvidada.com\\\/wp-content\\\/uploads\\\/2015\\\/06\\\/lengua_not2.jpg\",\"width\":630,\"height\":300},{\"@type\":\"BreadcrumbList\",\"@id\":\"https:\\\/\\\/www.iestorreolvidada.com\\\/index.php\\\/2015\\\/06\\\/18\\\/concurso-hispanoamericano-de-ortografia\\\/#breadcrumb\",\"itemListElement\":[{\"@type\":\"ListItem\",\"position\":1,\"name\":\"Portada\",\"item\":\"https:\\\/\\\/www.iestorreolvidada.com\\\/\"},{\"@type\":\"ListItem\",\"position\":2,\"name\":\"Concurso Hispanoamericano de Ortograf\u00eda\"}]},{\"@type\":\"WebSite\",\"@id\":\"https:\\\/\\\/www.iestorreolvidada.com\\\/#website\",\"url\":\"https:\\\/\\\/www.iestorreolvidada.com\\\/\",\"name\":\"IES Torre Olvidada\",\"description\":\"Instituto de Ense\u00f1anza Secundaria - Torredelcampo\",\"publisher\":{\"@id\":\"https:\\\/\\\/www.iestorreolvidada.com\\\/#organization\"},\"potentialAction\":[{\"@type\":\"SearchAction\",\"target\":{\"@type\":\"EntryPoint\",\"urlTemplate\":\"https:\\\/\\\/www.iestorreolvidada.com\\\/?s={search_term_string}\"},\"query-input\":{\"@type\":\"PropertyValueSpecification\",\"valueRequired\":true,\"valueName\":\"search_term_string\"}}],\"inLanguage\":\"es\"},{\"@type\":\"Organization\",\"@id\":\"https:\\\/\\\/www.iestorreolvidada.com\\\/#organization\",\"name\":\"IES Torre Olvidada\",\"url\":\"https:\\\/\\\/www.iestorreolvidada.com\\\/\",\"logo\":{\"@type\":\"ImageObject\",\"inLanguage\":\"es\",\"@id\":\"https:\\\/\\\/www.iestorreolvidada.com\\\/#\\\/schema\\\/logo\\\/image\\\/\",\"url\":\"https:\\\/\\\/i0.wp.com\\\/www.iestorreolvidada.com\\\/wp-content\\\/uploads\\\/2023\\\/02\\\/LOGO-IES_antiguo-2.jpg?fit=1819%2C2002&ssl=1\",\"contentUrl\":\"https:\\\/\\\/i0.wp.com\\\/www.iestorreolvidada.com\\\/wp-content\\\/uploads\\\/2023\\\/02\\\/LOGO-IES_antiguo-2.jpg?fit=1819%2C2002&ssl=1\",\"width\":1819,\"height\":2002,\"caption\":\"IES Torre Olvidada\"},\"image\":{\"@id\":\"https:\\\/\\\/www.iestorreolvidada.com\\\/#\\\/schema\\\/logo\\\/image\\\/\"},\"sameAs\":[\"https:\\\/\\\/www.facebook.com\\\/iestorreolvidada\",\"https:\\\/\\\/x.com\\\/torre_ies\",\"https:\\\/\\\/www.instagram.com\\\/ies_torre_olvidada\\\/?hl=es\"]},{\"@type\":\"Person\",\"@id\":\"https:\\\/\\\/www.iestorreolvidada.com\\\/#\\\/schema\\\/person\\\/ed89d43e5ad4e40a9984ba656379bfee\",\"name\":\"IES Torre Olvidada\",\"image\":{\"@type\":\"ImageObject\",\"inLanguage\":\"es\",\"@id\":\"https:\\\/\\\/secure.gravatar.com\\\/avatar\\\/7d17ebf64c14f8520da13f1b8d49e5ce564300381f89e2603e18c11338e2e28d?s=96&d=mm&r=g\",\"url\":\"https:\\\/\\\/secure.gravatar.com\\\/avatar\\\/7d17ebf64c14f8520da13f1b8d49e5ce564300381f89e2603e18c11338e2e28d?s=96&d=mm&r=g\",\"contentUrl\":\"https:\\\/\\\/secure.gravatar.com\\\/avatar\\\/7d17ebf64c14f8520da13f1b8d49e5ce564300381f89e2603e18c11338e2e28d?s=96&d=mm&r=g\",\"caption\":\"IES Torre Olvidada\"},\"sameAs\":[\"https:\\\/\\\/www.iestorreolvidada.com\"],\"url\":\"https:\\\/\\\/www.iestorreolvidada.com\\\/index.php\\\/author\\\/admin_trrlvdd11\\\/\"}]}<\/script>\n<!-- \/ Yoast SEO plugin. -->","yoast_head_json":{"title":"Concurso Hispanoamericano de Ortograf\u00eda - IES Torre Olvidada","robots":{"index":"index","follow":"follow","max-snippet":"max-snippet:-1","max-image-preview":"max-image-preview:large","max-video-preview":"max-video-preview:-1"},"canonical":"https:\/\/www.iestorreolvidada.com\/index.php\/2015\/06\/18\/concurso-hispanoamericano-de-ortografia\/","og_locale":"es_ES","og_type":"article","og_title":"Concurso Hispanoamericano de Ortograf\u00eda - IES Torre Olvidada","og_description":"Concurso Hispanoamericano de Ortograf\u00eda Convocatoria 2015 \u00a0El objeto de estos premios es el reconocimiento al especial aprovechamiento del alumnado que haya cursado cualquiera de las ense\u00f1anzas establecidas en la Ley Org\u00e1nica 2\/2006, de 3 de mayo, de Educaci\u00f3n con un rendimiento acad\u00e9mico excelente y que se se\u00f1alan a continuaci\u00f3n:Se convoca la fase nacional del XVI [&hellip;]","og_url":"https:\/\/www.iestorreolvidada.com\/index.php\/2015\/06\/18\/concurso-hispanoamericano-de-ortografia\/","og_site_name":"IES Torre Olvidada","article_publisher":"https:\/\/www.facebook.com\/iestorreolvidada","article_published_time":"2015-06-18T08:31:23+00:00","og_image":[{"width":630,"height":300,"url":"https:\/\/www.iestorreolvidada.com\/wp-content\/uploads\/2015\/06\/lengua_not2.jpg","type":"image\/jpeg"}],"author":"IES Torre Olvidada","twitter_card":"summary_large_image","twitter_creator":"@torre_ies","twitter_site":"@torre_ies","twitter_misc":{"Escrito por":"IES Torre Olvidada"},"schema":{"@context":"https:\/\/schema.org","@graph":[{"@type":"Article","@id":"https:\/\/www.iestorreolvidada.com\/index.php\/2015\/06\/18\/concurso-hispanoamericano-de-ortografia\/#article","isPartOf":{"@id":"https:\/\/www.iestorreolvidada.com\/index.php\/2015\/06\/18\/concurso-hispanoamericano-de-ortografia\/"},"author":{"name":"IES Torre Olvidada","@id":"https:\/\/www.iestorreolvidada.com\/#\/schema\/person\/ed89d43e5ad4e40a9984ba656379bfee"},"headline":"Concurso Hispanoamericano de Ortograf\u00eda","datePublished":"2015-06-18T08:31:23+00:00","mainEntityOfPage":{"@id":"https:\/\/www.iestorreolvidada.com\/index.php\/2015\/06\/18\/concurso-hispanoamericano-de-ortografia\/"},"wordCount":90,"commentCount":0,"publisher":{"@id":"https:\/\/www.iestorreolvidada.com\/#organization"},"image":{"@id":"https:\/\/www.iestorreolvidada.com\/index.php\/2015\/06\/18\/concurso-hispanoamericano-de-ortografia\/#primaryimage"},"thumbnailUrl":"https:\/\/www.iestorreolvidada.com\/wp-content\/uploads\/2015\/06\/lengua_not2.jpg","articleSection":["Departamentos","Lengua Castellana Noticias"],"inLanguage":"es","potentialAction":[{"@type":"CommentAction","name":"Comment","target":["https:\/\/www.iestorreolvidada.com\/index.php\/2015\/06\/18\/concurso-hispanoamericano-de-ortografia\/#respond"]}]},{"@type":"WebPage","@id":"https:\/\/www.iestorreolvidada.com\/index.php\/2015\/06\/18\/concurso-hispanoamericano-de-ortografia\/","url":"https:\/\/www.iestorreolvidada.com\/index.php\/2015\/06\/18\/concurso-hispanoamericano-de-ortografia\/","name":"Concurso Hispanoamericano de Ortograf\u00eda - IES Torre Olvidada","isPartOf":{"@id":"https:\/\/www.iestorreolvidada.com\/#website"},"primaryImageOfPage":{"@id":"https:\/\/www.iestorreolvidada.com\/index.php\/2015\/06\/18\/concurso-hispanoamericano-de-ortografia\/#primaryimage"},"image":{"@id":"https:\/\/www.iestorreolvidada.com\/index.php\/2015\/06\/18\/concurso-hispanoamericano-de-ortografia\/#primaryimage"},"thumbnailUrl":"https:\/\/www.iestorreolvidada.com\/wp-content\/uploads\/2015\/06\/lengua_not2.jpg","datePublished":"2015-06-18T08:31:23+00:00","breadcrumb":{"@id":"https:\/\/www.iestorreolvidada.com\/index.php\/2015\/06\/18\/concurso-hispanoamericano-de-ortografia\/#breadcrumb"},"inLanguage":"es","potentialAction":[{"@type":"ReadAction","target":["https:\/\/www.iestorreolvidada.com\/index.php\/2015\/06\/18\/concurso-hispanoamericano-de-ortografia\/"]}]},{"@type":"ImageObject","inLanguage":"es","@id":"https:\/\/www.iestorreolvidada.com\/index.php\/2015\/06\/18\/concurso-hispanoamericano-de-ortografia\/#primaryimage","url":"https:\/\/www.iestorreolvidada.com\/wp-content\/uploads\/2015\/06\/lengua_not2.jpg","contentUrl":"https:\/\/www.iestorreolvidada.com\/wp-content\/uploads\/2015\/06\/lengua_not2.jpg","width":630,"height":300},{"@type":"BreadcrumbList","@id":"https:\/\/www.iestorreolvidada.com\/index.php\/2015\/06\/18\/concurso-hispanoamericano-de-ortografia\/#breadcrumb","itemListElement":[{"@type":"ListItem","position":1,"name":"Portada","item":"https:\/\/www.iestorreolvidada.com\/"},{"@type":"ListItem","position":2,"name":"Concurso Hispanoamericano de Ortograf\u00eda"}]},{"@type":"WebSite","@id":"https:\/\/www.iestorreolvidada.com\/#website","url":"https:\/\/www.iestorreolvidada.com\/","name":"IES Torre Olvidada","description":"Instituto de Ense\u00f1anza Secundaria - Torredelcampo","publisher":{"@id":"https:\/\/www.iestorreolvidada.com\/#organization"},"potentialAction":[{"@type":"SearchAction","target":{"@type":"EntryPoint","urlTemplate":"https:\/\/www.iestorreolvidada.com\/?s={search_term_string}"},"query-input":{"@type":"PropertyValueSpecification","valueRequired":true,"valueName":"search_term_string"}}],"inLanguage":"es"},{"@type":"Organization","@id":"https:\/\/www.iestorreolvidada.com\/#organization","name":"IES Torre Olvidada","url":"https:\/\/www.iestorreolvidada.com\/","logo":{"@type":"ImageObject","inLanguage":"es","@id":"https:\/\/www.iestorreolvidada.com\/#\/schema\/logo\/image\/","url":"https:\/\/i0.wp.com\/www.iestorreolvidada.com\/wp-content\/uploads\/2023\/02\/LOGO-IES_antiguo-2.jpg?fit=1819%2C2002&ssl=1","contentUrl":"https:\/\/i0.wp.com\/www.iestorreolvidada.com\/wp-content\/uploads\/2023\/02\/LOGO-IES_antiguo-2.jpg?fit=1819%2C2002&ssl=1","width":1819,"height":2002,"caption":"IES Torre Olvidada"},"image":{"@id":"https:\/\/www.iestorreolvidada.com\/#\/schema\/logo\/image\/"},"sameAs":["https:\/\/www.facebook.com\/iestorreolvidada","https:\/\/x.com\/torre_ies","https:\/\/www.instagram.com\/ies_torre_olvidada\/?hl=es"]},{"@type":"Person","@id":"https:\/\/www.iestorreolvidada.com\/#\/schema\/person\/ed89d43e5ad4e40a9984ba656379bfee","name":"IES Torre Olvidada","image":{"@type":"ImageObject","inLanguage":"es","@id":"https:\/\/secure.gravatar.com\/avatar\/7d17ebf64c14f8520da13f1b8d49e5ce564300381f89e2603e18c11338e2e28d?s=96&d=mm&r=g","url":"https:\/\/secure.gravatar.com\/avatar\/7d17ebf64c14f8520da13f1b8d49e5ce564300381f89e2603e18c11338e2e28d?s=96&d=mm&r=g","contentUrl":"https:\/\/secure.gravatar.com\/avatar\/7d17ebf64c14f8520da13f1b8d49e5ce564300381f89e2603e18c11338e2e28d?s=96&d=mm&r=g","caption":"IES Torre Olvidada"},"sameAs":["https:\/\/www.iestorreolvidada.com"],"url":"https:\/\/www.iestorreolvidada.com\/index.php\/author\/admin_trrlvdd11\/"}]}},"jetpack_publicize_connections":[],"jetpack_featured_media_url":"https:\/\/www.iestorreolvidada.com\/wp-content\/uploads\/2015\/06\/lengua_not2.jpg","jetpack-related-posts":[],"jetpack_shortlink":"https:\/\/wp.me\/pemPlE-zr","jetpack_sharing_enabled":true,"_links":{"self":[{"href":"https:\/\/www.iestorreolvidada.com\/index.php\/wp-json\/wp\/v2\/posts\/2197","targetHints":{"allow":["GET"]}}],"collection":[{"href":"https:\/\/www.iestorreolvidada.com\/index.php\/wp-json\/wp\/v2\/posts"}],"about":[{"href":"https:\/\/www.iestorreolvidada.com\/index.php\/wp-json\/wp\/v2\/types\/post"}],"author":[{"embeddable":true,"href":"https:\/\/www.iestorreolvidada.com\/index.php\/wp-json\/wp\/v2\/users\/1"}],"replies":[{"embeddable":true,"href":"https:\/\/www.iestorreolvidada.com\/index.php\/wp-json\/wp\/v2\/comments?post=2197"}],"version-history":[{"count":0,"href":"https:\/\/www.iestorreolvidada.com\/index.php\/wp-json\/wp\/v2\/posts\/2197\/revisions"}],"wp:featuredmedia":[{"embeddable":true,"href":"https:\/\/www.iestorreolvidada.com\/index.php\/wp-json\/wp\/v2\/media\/2198"}],"wp:attachment":[{"href":"https:\/\/www.iestorreolvidada.com\/index.php\/wp-json\/wp\/v2\/media?parent=2197"}],"wp:term":[{"taxonomy":"category","embeddable":true,"href":"https:\/\/www.iestorreolvidada.com\/index.php\/wp-json\/wp\/v2\/categories?post=2197"},{"taxonomy":"post_tag","embeddable":true,"href":"https:\/\/www.iestorreolvidada.com\/index.php\/wp-json\/wp\/v2\/tags?post=2197"}],"curies":[{"name":"wp","href":"https:\/\/api.w.org\/{rel}","templated":true}]}}