{"id":2207,"date":"2015-06-18T08:51:39","date_gmt":"2015-06-18T08:51:39","guid":{"rendered":"http:\/\/blogsaverroes.juntadeandalucia.es\/temafrontieries\/?p=2207"},"modified":"2015-06-18T08:51:39","modified_gmt":"2015-06-18T08:51:39","slug":"edicion-en-frances-del-informe-de-eurydice-cifras-clave","status":"publish","type":"post","link":"https:\/\/www.iestorreolvidada.com\/index.php\/2015\/06\/18\/edicion-en-frances-del-informe-de-eurydice-cifras-clave\/","title":{"rendered":"Edici\u00f3n en franc\u00e9s del informe de Eurydice Cifras Clave"},"content":{"rendered":"<p><img loading=\"lazy\" decoding=\"async\" class=\"aligncenter size-medium wp-image-2208\" src=\"http:\/\/blogsaverroes.juntadeandalucia.es\/temafrontieries\/files\/2015\/06\/frances_not-300x150.png\" alt=\"frances_not\" width=\"300\" height=\"150\" srcset=\"https:\/\/www.iestorreolvidada.com\/wp-content\/uploads\/2015\/06\/frances_not-300x150.png 300w, https:\/\/www.iestorreolvidada.com\/wp-content\/uploads\/2015\/06\/frances_not-480x240.png 480w, https:\/\/www.iestorreolvidada.com\/wp-content\/uploads\/2015\/06\/frances_not.png 600w\" sizes=\"(max-width: 300px) 100vw, 300px\" \/><\/p>\n<p>Edici\u00f3n en franc\u00e9s del informe de Eurydice Cifras Clave sobre el Profesorado y los Directores en Europa<\/p>\n<p>Acaba de publicarse la versi\u00f3n en franc\u00e9s del informe Cifras clave sobre el Profesorado y los Directores en Europa: <a href=\"http:\/\/eacea.ec.europa.eu\/education\/eurydice\/documents\/key_data_series\/151FR.pdf\" target=\"_blank\" rel=\"noopener\">Chiffres cl\u00e9s des enseignants et des chefs d\u2019\u00e9tablissement en Europe<\/a>. A continuaci\u00f3n se hace un breve resumen de la nota de prensa publicada por la Comisi\u00f3n Europea.<\/p>\n<p><a href=\"http:\/\/blog.educalab.es\/cniie\/2013\/12\/10\/edicion-en-frances-del-informe-de-eurydice-cifras-clave-sobre-el-profesorado-y-los-directores-en-europa\/\" target=\"_blank\" rel=\"noopener\">Para mayor informaci\u00f3n&#8230;<\/a><\/p>\n","protected":false},"excerpt":{"rendered":"<p>Edici\u00f3n en franc\u00e9s del informe de Eurydice Cifras Clave sobre el Profesorado y los Directores en Europa Acaba de publicarse la versi\u00f3n en franc\u00e9s del informe Cifras clave sobre el Profesorado y los Directores en Europa: Chiffres cl\u00e9s des enseignants et des chefs d\u2019\u00e9tablissement en Europe. A continuaci\u00f3n se hace un breve resumen de la [&hellip;]<\/p>\n","protected":false},"author":1,"featured_media":2208,"comment_status":"open","ping_status":"open","sticky":false,"template":"","format":"standard","meta":{"_et_pb_use_builder":"","_et_pb_old_content":"","_et_gb_content_width":"","_monsterinsights_skip_tracking":false,"_monsterinsights_sitenote_active":false,"_monsterinsights_sitenote_note":"","_monsterinsights_sitenote_category":0,"_jetpack_memberships_contains_paid_content":false,"footnotes":"","jetpack_publicize_message":"","jetpack_publicize_feature_enabled":true,"jetpack_social_post_already_shared":false,"jetpack_social_options":{"image_generator_settings":{"template":"highway","default_image_id":0,"font":"","enabled":false},"version":2}},"categories":[6,15],"tags":[],"class_list":["post-2207","post","type-post","status-publish","format-standard","has-post-thumbnail","hentry","category-departamentos","category-frances-noticias"],"yoast_head":"<!-- This site is optimized with the Yoast SEO plugin v27.4 - https:\/\/yoast.com\/product\/yoast-seo-wordpress\/ -->\n<title>Edici\u00f3n en franc\u00e9s del informe de Eurydice Cifras Clave - IES Torre Olvidada<\/title>\n<meta name=\"robots\" content=\"index, follow, max-snippet:-1, max-image-preview:large, max-video-preview:-1\" \/>\n<link rel=\"canonical\" href=\"https:\/\/www.iestorreolvidada.com\/index.php\/2015\/06\/18\/edicion-en-frances-del-informe-de-eurydice-cifras-clave\/\" \/>\n<meta property=\"og:locale\" content=\"es_ES\" \/>\n<meta property=\"og:type\" content=\"article\" \/>\n<meta property=\"og:title\" content=\"Edici\u00f3n en franc\u00e9s del informe de Eurydice Cifras Clave - IES Torre Olvidada\" \/>\n<meta property=\"og:description\" content=\"Edici\u00f3n en franc\u00e9s del informe de Eurydice Cifras Clave sobre el Profesorado y los Directores en Europa Acaba de publicarse la versi\u00f3n en franc\u00e9s del informe Cifras clave sobre el Profesorado y los Directores en Europa: Chiffres cl\u00e9s des enseignants et des chefs d\u2019\u00e9tablissement en Europe. A continuaci\u00f3n se hace un breve resumen de la [&hellip;]\" \/>\n<meta property=\"og:url\" content=\"https:\/\/www.iestorreolvidada.com\/index.php\/2015\/06\/18\/edicion-en-frances-del-informe-de-eurydice-cifras-clave\/\" \/>\n<meta property=\"og:site_name\" content=\"IES Torre Olvidada\" \/>\n<meta property=\"article:publisher\" content=\"https:\/\/www.facebook.com\/iestorreolvidada\" \/>\n<meta property=\"article:published_time\" content=\"2015-06-18T08:51:39+00:00\" \/>\n<meta property=\"og:image\" content=\"https:\/\/www.iestorreolvidada.com\/wp-content\/uploads\/2015\/06\/frances_not.png\" \/>\n\t<meta property=\"og:image:width\" content=\"600\" \/>\n\t<meta property=\"og:image:height\" content=\"300\" \/>\n\t<meta property=\"og:image:type\" content=\"image\/png\" \/>\n<meta name=\"author\" content=\"IES Torre Olvidada\" \/>\n<meta name=\"twitter:card\" content=\"summary_large_image\" \/>\n<meta name=\"twitter:creator\" content=\"@torre_ies\" \/>\n<meta name=\"twitter:site\" content=\"@torre_ies\" \/>\n<meta name=\"twitter:label1\" content=\"Escrito por\" \/>\n\t<meta name=\"twitter:data1\" content=\"IES Torre Olvidada\" \/>\n<script type=\"application\/ld+json\" class=\"yoast-schema-graph\">{\"@context\":\"https:\\\/\\\/schema.org\",\"@graph\":[{\"@type\":\"Article\",\"@id\":\"https:\\\/\\\/www.iestorreolvidada.com\\\/index.php\\\/2015\\\/06\\\/18\\\/edicion-en-frances-del-informe-de-eurydice-cifras-clave\\\/#article\",\"isPartOf\":{\"@id\":\"https:\\\/\\\/www.iestorreolvidada.com\\\/index.php\\\/2015\\\/06\\\/18\\\/edicion-en-frances-del-informe-de-eurydice-cifras-clave\\\/\"},\"author\":{\"name\":\"IES Torre Olvidada\",\"@id\":\"https:\\\/\\\/www.iestorreolvidada.com\\\/#\\\/schema\\\/person\\\/ed89d43e5ad4e40a9984ba656379bfee\"},\"headline\":\"Edici\u00f3n en franc\u00e9s del informe de Eurydice Cifras Clave\",\"datePublished\":\"2015-06-18T08:51:39+00:00\",\"mainEntityOfPage\":{\"@id\":\"https:\\\/\\\/www.iestorreolvidada.com\\\/index.php\\\/2015\\\/06\\\/18\\\/edicion-en-frances-del-informe-de-eurydice-cifras-clave\\\/\"},\"wordCount\":86,\"commentCount\":0,\"publisher\":{\"@id\":\"https:\\\/\\\/www.iestorreolvidada.com\\\/#organization\"},\"image\":{\"@id\":\"https:\\\/\\\/www.iestorreolvidada.com\\\/index.php\\\/2015\\\/06\\\/18\\\/edicion-en-frances-del-informe-de-eurydice-cifras-clave\\\/#primaryimage\"},\"thumbnailUrl\":\"https:\\\/\\\/www.iestorreolvidada.com\\\/wp-content\\\/uploads\\\/2015\\\/06\\\/frances_not.png\",\"articleSection\":[\"Departamentos\",\"Franc\u00e9s Noticias\"],\"inLanguage\":\"es\",\"potentialAction\":[{\"@type\":\"CommentAction\",\"name\":\"Comment\",\"target\":[\"https:\\\/\\\/www.iestorreolvidada.com\\\/index.php\\\/2015\\\/06\\\/18\\\/edicion-en-frances-del-informe-de-eurydice-cifras-clave\\\/#respond\"]}]},{\"@type\":\"WebPage\",\"@id\":\"https:\\\/\\\/www.iestorreolvidada.com\\\/index.php\\\/2015\\\/06\\\/18\\\/edicion-en-frances-del-informe-de-eurydice-cifras-clave\\\/\",\"url\":\"https:\\\/\\\/www.iestorreolvidada.com\\\/index.php\\\/2015\\\/06\\\/18\\\/edicion-en-frances-del-informe-de-eurydice-cifras-clave\\\/\",\"name\":\"Edici\u00f3n en franc\u00e9s del informe de Eurydice Cifras Clave - IES Torre Olvidada\",\"isPartOf\":{\"@id\":\"https:\\\/\\\/www.iestorreolvidada.com\\\/#website\"},\"primaryImageOfPage\":{\"@id\":\"https:\\\/\\\/www.iestorreolvidada.com\\\/index.php\\\/2015\\\/06\\\/18\\\/edicion-en-frances-del-informe-de-eurydice-cifras-clave\\\/#primaryimage\"},\"image\":{\"@id\":\"https:\\\/\\\/www.iestorreolvidada.com\\\/index.php\\\/2015\\\/06\\\/18\\\/edicion-en-frances-del-informe-de-eurydice-cifras-clave\\\/#primaryimage\"},\"thumbnailUrl\":\"https:\\\/\\\/www.iestorreolvidada.com\\\/wp-content\\\/uploads\\\/2015\\\/06\\\/frances_not.png\",\"datePublished\":\"2015-06-18T08:51:39+00:00\",\"breadcrumb\":{\"@id\":\"https:\\\/\\\/www.iestorreolvidada.com\\\/index.php\\\/2015\\\/06\\\/18\\\/edicion-en-frances-del-informe-de-eurydice-cifras-clave\\\/#breadcrumb\"},\"inLanguage\":\"es\",\"potentialAction\":[{\"@type\":\"ReadAction\",\"target\":[\"https:\\\/\\\/www.iestorreolvidada.com\\\/index.php\\\/2015\\\/06\\\/18\\\/edicion-en-frances-del-informe-de-eurydice-cifras-clave\\\/\"]}]},{\"@type\":\"ImageObject\",\"inLanguage\":\"es\",\"@id\":\"https:\\\/\\\/www.iestorreolvidada.com\\\/index.php\\\/2015\\\/06\\\/18\\\/edicion-en-frances-del-informe-de-eurydice-cifras-clave\\\/#primaryimage\",\"url\":\"https:\\\/\\\/www.iestorreolvidada.com\\\/wp-content\\\/uploads\\\/2015\\\/06\\\/frances_not.png\",\"contentUrl\":\"https:\\\/\\\/www.iestorreolvidada.com\\\/wp-content\\\/uploads\\\/2015\\\/06\\\/frances_not.png\",\"width\":600,\"height\":300},{\"@type\":\"BreadcrumbList\",\"@id\":\"https:\\\/\\\/www.iestorreolvidada.com\\\/index.php\\\/2015\\\/06\\\/18\\\/edicion-en-frances-del-informe-de-eurydice-cifras-clave\\\/#breadcrumb\",\"itemListElement\":[{\"@type\":\"ListItem\",\"position\":1,\"name\":\"Portada\",\"item\":\"https:\\\/\\\/www.iestorreolvidada.com\\\/\"},{\"@type\":\"ListItem\",\"position\":2,\"name\":\"Edici\u00f3n en franc\u00e9s del informe de Eurydice Cifras Clave\"}]},{\"@type\":\"WebSite\",\"@id\":\"https:\\\/\\\/www.iestorreolvidada.com\\\/#website\",\"url\":\"https:\\\/\\\/www.iestorreolvidada.com\\\/\",\"name\":\"IES Torre Olvidada\",\"description\":\"Instituto de Ense\u00f1anza Secundaria - Torredelcampo\",\"publisher\":{\"@id\":\"https:\\\/\\\/www.iestorreolvidada.com\\\/#organization\"},\"potentialAction\":[{\"@type\":\"SearchAction\",\"target\":{\"@type\":\"EntryPoint\",\"urlTemplate\":\"https:\\\/\\\/www.iestorreolvidada.com\\\/?s={search_term_string}\"},\"query-input\":{\"@type\":\"PropertyValueSpecification\",\"valueRequired\":true,\"valueName\":\"search_term_string\"}}],\"inLanguage\":\"es\"},{\"@type\":\"Organization\",\"@id\":\"https:\\\/\\\/www.iestorreolvidada.com\\\/#organization\",\"name\":\"IES Torre Olvidada\",\"url\":\"https:\\\/\\\/www.iestorreolvidada.com\\\/\",\"logo\":{\"@type\":\"ImageObject\",\"inLanguage\":\"es\",\"@id\":\"https:\\\/\\\/www.iestorreolvidada.com\\\/#\\\/schema\\\/logo\\\/image\\\/\",\"url\":\"https:\\\/\\\/i0.wp.com\\\/www.iestorreolvidada.com\\\/wp-content\\\/uploads\\\/2023\\\/02\\\/LOGO-IES_antiguo-2.jpg?fit=1819%2C2002&ssl=1\",\"contentUrl\":\"https:\\\/\\\/i0.wp.com\\\/www.iestorreolvidada.com\\\/wp-content\\\/uploads\\\/2023\\\/02\\\/LOGO-IES_antiguo-2.jpg?fit=1819%2C2002&ssl=1\",\"width\":1819,\"height\":2002,\"caption\":\"IES Torre Olvidada\"},\"image\":{\"@id\":\"https:\\\/\\\/www.iestorreolvidada.com\\\/#\\\/schema\\\/logo\\\/image\\\/\"},\"sameAs\":[\"https:\\\/\\\/www.facebook.com\\\/iestorreolvidada\",\"https:\\\/\\\/x.com\\\/torre_ies\",\"https:\\\/\\\/www.instagram.com\\\/ies_torre_olvidada\\\/?hl=es\"]},{\"@type\":\"Person\",\"@id\":\"https:\\\/\\\/www.iestorreolvidada.com\\\/#\\\/schema\\\/person\\\/ed89d43e5ad4e40a9984ba656379bfee\",\"name\":\"IES Torre Olvidada\",\"image\":{\"@type\":\"ImageObject\",\"inLanguage\":\"es\",\"@id\":\"https:\\\/\\\/secure.gravatar.com\\\/avatar\\\/7d17ebf64c14f8520da13f1b8d49e5ce564300381f89e2603e18c11338e2e28d?s=96&d=mm&r=g\",\"url\":\"https:\\\/\\\/secure.gravatar.com\\\/avatar\\\/7d17ebf64c14f8520da13f1b8d49e5ce564300381f89e2603e18c11338e2e28d?s=96&d=mm&r=g\",\"contentUrl\":\"https:\\\/\\\/secure.gravatar.com\\\/avatar\\\/7d17ebf64c14f8520da13f1b8d49e5ce564300381f89e2603e18c11338e2e28d?s=96&d=mm&r=g\",\"caption\":\"IES Torre Olvidada\"},\"sameAs\":[\"https:\\\/\\\/www.iestorreolvidada.com\"],\"url\":\"https:\\\/\\\/www.iestorreolvidada.com\\\/index.php\\\/author\\\/admin_trrlvdd11\\\/\"}]}<\/script>\n<!-- \/ Yoast SEO plugin. -->","yoast_head_json":{"title":"Edici\u00f3n en franc\u00e9s del informe de Eurydice Cifras Clave - IES Torre Olvidada","robots":{"index":"index","follow":"follow","max-snippet":"max-snippet:-1","max-image-preview":"max-image-preview:large","max-video-preview":"max-video-preview:-1"},"canonical":"https:\/\/www.iestorreolvidada.com\/index.php\/2015\/06\/18\/edicion-en-frances-del-informe-de-eurydice-cifras-clave\/","og_locale":"es_ES","og_type":"article","og_title":"Edici\u00f3n en franc\u00e9s del informe de Eurydice Cifras Clave - IES Torre Olvidada","og_description":"Edici\u00f3n en franc\u00e9s del informe de Eurydice Cifras Clave sobre el Profesorado y los Directores en Europa Acaba de publicarse la versi\u00f3n en franc\u00e9s del informe Cifras clave sobre el Profesorado y los Directores en Europa: Chiffres cl\u00e9s des enseignants et des chefs d\u2019\u00e9tablissement en Europe. A continuaci\u00f3n se hace un breve resumen de la [&hellip;]","og_url":"https:\/\/www.iestorreolvidada.com\/index.php\/2015\/06\/18\/edicion-en-frances-del-informe-de-eurydice-cifras-clave\/","og_site_name":"IES Torre Olvidada","article_publisher":"https:\/\/www.facebook.com\/iestorreolvidada","article_published_time":"2015-06-18T08:51:39+00:00","og_image":[{"width":600,"height":300,"url":"https:\/\/www.iestorreolvidada.com\/wp-content\/uploads\/2015\/06\/frances_not.png","type":"image\/png"}],"author":"IES Torre Olvidada","twitter_card":"summary_large_image","twitter_creator":"@torre_ies","twitter_site":"@torre_ies","twitter_misc":{"Escrito por":"IES Torre Olvidada"},"schema":{"@context":"https:\/\/schema.org","@graph":[{"@type":"Article","@id":"https:\/\/www.iestorreolvidada.com\/index.php\/2015\/06\/18\/edicion-en-frances-del-informe-de-eurydice-cifras-clave\/#article","isPartOf":{"@id":"https:\/\/www.iestorreolvidada.com\/index.php\/2015\/06\/18\/edicion-en-frances-del-informe-de-eurydice-cifras-clave\/"},"author":{"name":"IES Torre Olvidada","@id":"https:\/\/www.iestorreolvidada.com\/#\/schema\/person\/ed89d43e5ad4e40a9984ba656379bfee"},"headline":"Edici\u00f3n en franc\u00e9s del informe de Eurydice Cifras Clave","datePublished":"2015-06-18T08:51:39+00:00","mainEntityOfPage":{"@id":"https:\/\/www.iestorreolvidada.com\/index.php\/2015\/06\/18\/edicion-en-frances-del-informe-de-eurydice-cifras-clave\/"},"wordCount":86,"commentCount":0,"publisher":{"@id":"https:\/\/www.iestorreolvidada.com\/#organization"},"image":{"@id":"https:\/\/www.iestorreolvidada.com\/index.php\/2015\/06\/18\/edicion-en-frances-del-informe-de-eurydice-cifras-clave\/#primaryimage"},"thumbnailUrl":"https:\/\/www.iestorreolvidada.com\/wp-content\/uploads\/2015\/06\/frances_not.png","articleSection":["Departamentos","Franc\u00e9s Noticias"],"inLanguage":"es","potentialAction":[{"@type":"CommentAction","name":"Comment","target":["https:\/\/www.iestorreolvidada.com\/index.php\/2015\/06\/18\/edicion-en-frances-del-informe-de-eurydice-cifras-clave\/#respond"]}]},{"@type":"WebPage","@id":"https:\/\/www.iestorreolvidada.com\/index.php\/2015\/06\/18\/edicion-en-frances-del-informe-de-eurydice-cifras-clave\/","url":"https:\/\/www.iestorreolvidada.com\/index.php\/2015\/06\/18\/edicion-en-frances-del-informe-de-eurydice-cifras-clave\/","name":"Edici\u00f3n en franc\u00e9s del informe de Eurydice Cifras Clave - IES Torre Olvidada","isPartOf":{"@id":"https:\/\/www.iestorreolvidada.com\/#website"},"primaryImageOfPage":{"@id":"https:\/\/www.iestorreolvidada.com\/index.php\/2015\/06\/18\/edicion-en-frances-del-informe-de-eurydice-cifras-clave\/#primaryimage"},"image":{"@id":"https:\/\/www.iestorreolvidada.com\/index.php\/2015\/06\/18\/edicion-en-frances-del-informe-de-eurydice-cifras-clave\/#primaryimage"},"thumbnailUrl":"https:\/\/www.iestorreolvidada.com\/wp-content\/uploads\/2015\/06\/frances_not.png","datePublished":"2015-06-18T08:51:39+00:00","breadcrumb":{"@id":"https:\/\/www.iestorreolvidada.com\/index.php\/2015\/06\/18\/edicion-en-frances-del-informe-de-eurydice-cifras-clave\/#breadcrumb"},"inLanguage":"es","potentialAction":[{"@type":"ReadAction","target":["https:\/\/www.iestorreolvidada.com\/index.php\/2015\/06\/18\/edicion-en-frances-del-informe-de-eurydice-cifras-clave\/"]}]},{"@type":"ImageObject","inLanguage":"es","@id":"https:\/\/www.iestorreolvidada.com\/index.php\/2015\/06\/18\/edicion-en-frances-del-informe-de-eurydice-cifras-clave\/#primaryimage","url":"https:\/\/www.iestorreolvidada.com\/wp-content\/uploads\/2015\/06\/frances_not.png","contentUrl":"https:\/\/www.iestorreolvidada.com\/wp-content\/uploads\/2015\/06\/frances_not.png","width":600,"height":300},{"@type":"BreadcrumbList","@id":"https:\/\/www.iestorreolvidada.com\/index.php\/2015\/06\/18\/edicion-en-frances-del-informe-de-eurydice-cifras-clave\/#breadcrumb","itemListElement":[{"@type":"ListItem","position":1,"name":"Portada","item":"https:\/\/www.iestorreolvidada.com\/"},{"@type":"ListItem","position":2,"name":"Edici\u00f3n en franc\u00e9s del informe de Eurydice Cifras Clave"}]},{"@type":"WebSite","@id":"https:\/\/www.iestorreolvidada.com\/#website","url":"https:\/\/www.iestorreolvidada.com\/","name":"IES Torre Olvidada","description":"Instituto de Ense\u00f1anza Secundaria - Torredelcampo","publisher":{"@id":"https:\/\/www.iestorreolvidada.com\/#organization"},"potentialAction":[{"@type":"SearchAction","target":{"@type":"EntryPoint","urlTemplate":"https:\/\/www.iestorreolvidada.com\/?s={search_term_string}"},"query-input":{"@type":"PropertyValueSpecification","valueRequired":true,"valueName":"search_term_string"}}],"inLanguage":"es"},{"@type":"Organization","@id":"https:\/\/www.iestorreolvidada.com\/#organization","name":"IES Torre Olvidada","url":"https:\/\/www.iestorreolvidada.com\/","logo":{"@type":"ImageObject","inLanguage":"es","@id":"https:\/\/www.iestorreolvidada.com\/#\/schema\/logo\/image\/","url":"https:\/\/i0.wp.com\/www.iestorreolvidada.com\/wp-content\/uploads\/2023\/02\/LOGO-IES_antiguo-2.jpg?fit=1819%2C2002&ssl=1","contentUrl":"https:\/\/i0.wp.com\/www.iestorreolvidada.com\/wp-content\/uploads\/2023\/02\/LOGO-IES_antiguo-2.jpg?fit=1819%2C2002&ssl=1","width":1819,"height":2002,"caption":"IES Torre Olvidada"},"image":{"@id":"https:\/\/www.iestorreolvidada.com\/#\/schema\/logo\/image\/"},"sameAs":["https:\/\/www.facebook.com\/iestorreolvidada","https:\/\/x.com\/torre_ies","https:\/\/www.instagram.com\/ies_torre_olvidada\/?hl=es"]},{"@type":"Person","@id":"https:\/\/www.iestorreolvidada.com\/#\/schema\/person\/ed89d43e5ad4e40a9984ba656379bfee","name":"IES Torre Olvidada","image":{"@type":"ImageObject","inLanguage":"es","@id":"https:\/\/secure.gravatar.com\/avatar\/7d17ebf64c14f8520da13f1b8d49e5ce564300381f89e2603e18c11338e2e28d?s=96&d=mm&r=g","url":"https:\/\/secure.gravatar.com\/avatar\/7d17ebf64c14f8520da13f1b8d49e5ce564300381f89e2603e18c11338e2e28d?s=96&d=mm&r=g","contentUrl":"https:\/\/secure.gravatar.com\/avatar\/7d17ebf64c14f8520da13f1b8d49e5ce564300381f89e2603e18c11338e2e28d?s=96&d=mm&r=g","caption":"IES Torre Olvidada"},"sameAs":["https:\/\/www.iestorreolvidada.com"],"url":"https:\/\/www.iestorreolvidada.com\/index.php\/author\/admin_trrlvdd11\/"}]}},"jetpack_publicize_connections":[],"jetpack_featured_media_url":"https:\/\/www.iestorreolvidada.com\/wp-content\/uploads\/2015\/06\/frances_not.png","jetpack-related-posts":[],"jetpack_shortlink":"https:\/\/wp.me\/pemPlE-zB","jetpack_sharing_enabled":true,"_links":{"self":[{"href":"https:\/\/www.iestorreolvidada.com\/index.php\/wp-json\/wp\/v2\/posts\/2207","targetHints":{"allow":["GET"]}}],"collection":[{"href":"https:\/\/www.iestorreolvidada.com\/index.php\/wp-json\/wp\/v2\/posts"}],"about":[{"href":"https:\/\/www.iestorreolvidada.com\/index.php\/wp-json\/wp\/v2\/types\/post"}],"author":[{"embeddable":true,"href":"https:\/\/www.iestorreolvidada.com\/index.php\/wp-json\/wp\/v2\/users\/1"}],"replies":[{"embeddable":true,"href":"https:\/\/www.iestorreolvidada.com\/index.php\/wp-json\/wp\/v2\/comments?post=2207"}],"version-history":[{"count":0,"href":"https:\/\/www.iestorreolvidada.com\/index.php\/wp-json\/wp\/v2\/posts\/2207\/revisions"}],"wp:featuredmedia":[{"embeddable":true,"href":"https:\/\/www.iestorreolvidada.com\/index.php\/wp-json\/wp\/v2\/media\/2208"}],"wp:attachment":[{"href":"https:\/\/www.iestorreolvidada.com\/index.php\/wp-json\/wp\/v2\/media?parent=2207"}],"wp:term":[{"taxonomy":"category","embeddable":true,"href":"https:\/\/www.iestorreolvidada.com\/index.php\/wp-json\/wp\/v2\/categories?post=2207"},{"taxonomy":"post_tag","embeddable":true,"href":"https:\/\/www.iestorreolvidada.com\/index.php\/wp-json\/wp\/v2\/tags?post=2207"}],"curies":[{"name":"wp","href":"https:\/\/api.w.org\/{rel}","templated":true}]}}