{"id":2213,"date":"2015-06-18T08:59:41","date_gmt":"2015-06-18T08:59:41","guid":{"rendered":"http:\/\/blogsaverroes.juntadeandalucia.es\/temafrontieries\/?p=2213"},"modified":"2015-06-18T08:59:41","modified_gmt":"2015-06-18T08:59:41","slug":"la-atencion-al-alumnado-con-dislexia","status":"publish","type":"post","link":"https:\/\/www.iestorreolvidada.com\/index.php\/2015\/06\/18\/la-atencion-al-alumnado-con-dislexia\/","title":{"rendered":"La atenci\u00f3n al alumnado con dislexia"},"content":{"rendered":"<p><img loading=\"lazy\" decoding=\"async\" class=\"aligncenter size-medium wp-image-2214\" src=\"http:\/\/blogsaverroes.juntadeandalucia.es\/temafrontieries\/files\/2015\/06\/orientacion_not-300x143.jpg\" alt=\"orientacion_not\" width=\"300\" height=\"143\" srcset=\"https:\/\/www.iestorreolvidada.com\/wp-content\/uploads\/2015\/06\/orientacion_not-300x143.jpg 300w, https:\/\/www.iestorreolvidada.com\/wp-content\/uploads\/2015\/06\/orientacion_not-480x229.jpg 480w, https:\/\/www.iestorreolvidada.com\/wp-content\/uploads\/2015\/06\/orientacion_not.jpg 630w\" sizes=\"(max-width: 300px) 100vw, 300px\" \/><\/p>\n<h4>\u201cLa atenci\u00f3n al alumnado con dislexia en el sistema educativo en el contexto de las necesidades espec\u00edficas de apoyo educativo\u201d<\/h4>\n<p>Se ha publicado recientemente, en la web Eurydice Espa\u00f1a-REDIE, el primer estudio propio de la Red espa\u00f1ola de informaci\u00f3n sobre educaci\u00f3n titulado <i>La atenci\u00f3n al alumnado con dislexia en el sistema educativo en el contexto de las necesidades espec\u00edficas de apoyo educativo.<\/i><\/p>\n<p>Dicho estudio constituye un riguroso acercamiento al tratamiento en el sistema educativo espa\u00f1ol de las dificultades espec\u00edficas de aprendizaje en general, y de la dislexia en particular, con una visi\u00f3n vertebrada y de conjunto de las diferentes actuaciones de las Administraciones educativas espa\u00f1olas.<\/p>\n<p><a href=\"http:\/\/blog.educalab.es\/cniie\/2013\/07\/26\/la-atencion-al-alumnado-con-dislexia-en-el-sistema-educativo-en-el-contexto-de-las-necesidades-especificas-de-apoyo-educativo\/\" target=\"_blank\" rel=\"noopener\">Para mayor informaci\u00f3n&#8230;<\/a><\/p>\n","protected":false},"excerpt":{"rendered":"<p>\u201cLa atenci\u00f3n al alumnado con dislexia en el sistema educativo en el contexto de las necesidades espec\u00edficas de apoyo educativo\u201d Se ha publicado recientemente, en la web Eurydice Espa\u00f1a-REDIE, el primer estudio propio de la Red espa\u00f1ola de informaci\u00f3n sobre educaci\u00f3n titulado La atenci\u00f3n al alumnado con dislexia en el sistema educativo en el contexto [&hellip;]<\/p>\n","protected":false},"author":1,"featured_media":2214,"comment_status":"open","ping_status":"open","sticky":false,"template":"","format":"standard","meta":{"_et_pb_use_builder":"","_et_pb_old_content":"","_et_gb_content_width":"","_monsterinsights_skip_tracking":false,"_monsterinsights_sitenote_active":false,"_monsterinsights_sitenote_note":"","_monsterinsights_sitenote_category":0,"_jetpack_memberships_contains_paid_content":false,"footnotes":"","jetpack_publicize_message":"","jetpack_publicize_feature_enabled":true,"jetpack_social_post_already_shared":false,"jetpack_social_options":{"image_generator_settings":{"template":"highway","default_image_id":0,"font":"","enabled":false},"version":2}},"categories":[6,17],"tags":[],"class_list":["post-2213","post","type-post","status-publish","format-standard","has-post-thumbnail","hentry","category-departamentos","category-orientacion-noticias"],"yoast_head":"<!-- This site is optimized with the Yoast SEO plugin v27.4 - https:\/\/yoast.com\/product\/yoast-seo-wordpress\/ -->\n<title>La atenci\u00f3n al alumnado con dislexia - IES Torre Olvidada<\/title>\n<meta name=\"robots\" content=\"index, follow, max-snippet:-1, max-image-preview:large, max-video-preview:-1\" \/>\n<link rel=\"canonical\" href=\"https:\/\/www.iestorreolvidada.com\/index.php\/2015\/06\/18\/la-atencion-al-alumnado-con-dislexia\/\" \/>\n<meta property=\"og:locale\" content=\"es_ES\" \/>\n<meta property=\"og:type\" content=\"article\" \/>\n<meta property=\"og:title\" content=\"La atenci\u00f3n al alumnado con dislexia - IES Torre Olvidada\" \/>\n<meta property=\"og:description\" content=\"\u201cLa atenci\u00f3n al alumnado con dislexia en el sistema educativo en el contexto de las necesidades espec\u00edficas de apoyo educativo\u201d Se ha publicado recientemente, en la web Eurydice Espa\u00f1a-REDIE, el primer estudio propio de la Red espa\u00f1ola de informaci\u00f3n sobre educaci\u00f3n titulado La atenci\u00f3n al alumnado con dislexia en el sistema educativo en el contexto [&hellip;]\" \/>\n<meta property=\"og:url\" content=\"https:\/\/www.iestorreolvidada.com\/index.php\/2015\/06\/18\/la-atencion-al-alumnado-con-dislexia\/\" \/>\n<meta property=\"og:site_name\" content=\"IES Torre Olvidada\" \/>\n<meta property=\"article:publisher\" content=\"https:\/\/www.facebook.com\/iestorreolvidada\" \/>\n<meta property=\"article:published_time\" content=\"2015-06-18T08:59:41+00:00\" \/>\n<meta property=\"og:image\" content=\"https:\/\/www.iestorreolvidada.com\/wp-content\/uploads\/2015\/06\/orientacion_not.jpg\" \/>\n\t<meta property=\"og:image:width\" content=\"630\" \/>\n\t<meta property=\"og:image:height\" content=\"300\" \/>\n\t<meta property=\"og:image:type\" content=\"image\/jpeg\" \/>\n<meta name=\"author\" content=\"IES Torre Olvidada\" \/>\n<meta name=\"twitter:card\" content=\"summary_large_image\" \/>\n<meta name=\"twitter:creator\" content=\"@torre_ies\" \/>\n<meta name=\"twitter:site\" content=\"@torre_ies\" \/>\n<meta name=\"twitter:label1\" content=\"Escrito por\" \/>\n\t<meta name=\"twitter:data1\" content=\"IES Torre Olvidada\" \/>\n\t<meta name=\"twitter:label2\" content=\"Tiempo de lectura\" \/>\n\t<meta name=\"twitter:data2\" content=\"1 minuto\" \/>\n<script type=\"application\/ld+json\" class=\"yoast-schema-graph\">{\"@context\":\"https:\\\/\\\/schema.org\",\"@graph\":[{\"@type\":\"Article\",\"@id\":\"https:\\\/\\\/www.iestorreolvidada.com\\\/index.php\\\/2015\\\/06\\\/18\\\/la-atencion-al-alumnado-con-dislexia\\\/#article\",\"isPartOf\":{\"@id\":\"https:\\\/\\\/www.iestorreolvidada.com\\\/index.php\\\/2015\\\/06\\\/18\\\/la-atencion-al-alumnado-con-dislexia\\\/\"},\"author\":{\"name\":\"IES Torre Olvidada\",\"@id\":\"https:\\\/\\\/www.iestorreolvidada.com\\\/#\\\/schema\\\/person\\\/ed89d43e5ad4e40a9984ba656379bfee\"},\"headline\":\"La atenci\u00f3n al alumnado con dislexia\",\"datePublished\":\"2015-06-18T08:59:41+00:00\",\"mainEntityOfPage\":{\"@id\":\"https:\\\/\\\/www.iestorreolvidada.com\\\/index.php\\\/2015\\\/06\\\/18\\\/la-atencion-al-alumnado-con-dislexia\\\/\"},\"wordCount\":128,\"commentCount\":0,\"publisher\":{\"@id\":\"https:\\\/\\\/www.iestorreolvidada.com\\\/#organization\"},\"image\":{\"@id\":\"https:\\\/\\\/www.iestorreolvidada.com\\\/index.php\\\/2015\\\/06\\\/18\\\/la-atencion-al-alumnado-con-dislexia\\\/#primaryimage\"},\"thumbnailUrl\":\"https:\\\/\\\/www.iestorreolvidada.com\\\/wp-content\\\/uploads\\\/2015\\\/06\\\/orientacion_not.jpg\",\"articleSection\":[\"Departamentos\",\"Orientaci\u00f3n Noticias\"],\"inLanguage\":\"es\",\"potentialAction\":[{\"@type\":\"CommentAction\",\"name\":\"Comment\",\"target\":[\"https:\\\/\\\/www.iestorreolvidada.com\\\/index.php\\\/2015\\\/06\\\/18\\\/la-atencion-al-alumnado-con-dislexia\\\/#respond\"]}]},{\"@type\":\"WebPage\",\"@id\":\"https:\\\/\\\/www.iestorreolvidada.com\\\/index.php\\\/2015\\\/06\\\/18\\\/la-atencion-al-alumnado-con-dislexia\\\/\",\"url\":\"https:\\\/\\\/www.iestorreolvidada.com\\\/index.php\\\/2015\\\/06\\\/18\\\/la-atencion-al-alumnado-con-dislexia\\\/\",\"name\":\"La atenci\u00f3n al alumnado con dislexia - IES Torre Olvidada\",\"isPartOf\":{\"@id\":\"https:\\\/\\\/www.iestorreolvidada.com\\\/#website\"},\"primaryImageOfPage\":{\"@id\":\"https:\\\/\\\/www.iestorreolvidada.com\\\/index.php\\\/2015\\\/06\\\/18\\\/la-atencion-al-alumnado-con-dislexia\\\/#primaryimage\"},\"image\":{\"@id\":\"https:\\\/\\\/www.iestorreolvidada.com\\\/index.php\\\/2015\\\/06\\\/18\\\/la-atencion-al-alumnado-con-dislexia\\\/#primaryimage\"},\"thumbnailUrl\":\"https:\\\/\\\/www.iestorreolvidada.com\\\/wp-content\\\/uploads\\\/2015\\\/06\\\/orientacion_not.jpg\",\"datePublished\":\"2015-06-18T08:59:41+00:00\",\"breadcrumb\":{\"@id\":\"https:\\\/\\\/www.iestorreolvidada.com\\\/index.php\\\/2015\\\/06\\\/18\\\/la-atencion-al-alumnado-con-dislexia\\\/#breadcrumb\"},\"inLanguage\":\"es\",\"potentialAction\":[{\"@type\":\"ReadAction\",\"target\":[\"https:\\\/\\\/www.iestorreolvidada.com\\\/index.php\\\/2015\\\/06\\\/18\\\/la-atencion-al-alumnado-con-dislexia\\\/\"]}]},{\"@type\":\"ImageObject\",\"inLanguage\":\"es\",\"@id\":\"https:\\\/\\\/www.iestorreolvidada.com\\\/index.php\\\/2015\\\/06\\\/18\\\/la-atencion-al-alumnado-con-dislexia\\\/#primaryimage\",\"url\":\"https:\\\/\\\/www.iestorreolvidada.com\\\/wp-content\\\/uploads\\\/2015\\\/06\\\/orientacion_not.jpg\",\"contentUrl\":\"https:\\\/\\\/www.iestorreolvidada.com\\\/wp-content\\\/uploads\\\/2015\\\/06\\\/orientacion_not.jpg\",\"width\":630,\"height\":300},{\"@type\":\"BreadcrumbList\",\"@id\":\"https:\\\/\\\/www.iestorreolvidada.com\\\/index.php\\\/2015\\\/06\\\/18\\\/la-atencion-al-alumnado-con-dislexia\\\/#breadcrumb\",\"itemListElement\":[{\"@type\":\"ListItem\",\"position\":1,\"name\":\"Portada\",\"item\":\"https:\\\/\\\/www.iestorreolvidada.com\\\/\"},{\"@type\":\"ListItem\",\"position\":2,\"name\":\"La atenci\u00f3n al alumnado con dislexia\"}]},{\"@type\":\"WebSite\",\"@id\":\"https:\\\/\\\/www.iestorreolvidada.com\\\/#website\",\"url\":\"https:\\\/\\\/www.iestorreolvidada.com\\\/\",\"name\":\"IES Torre Olvidada\",\"description\":\"Instituto de Ense\u00f1anza Secundaria - Torredelcampo\",\"publisher\":{\"@id\":\"https:\\\/\\\/www.iestorreolvidada.com\\\/#organization\"},\"potentialAction\":[{\"@type\":\"SearchAction\",\"target\":{\"@type\":\"EntryPoint\",\"urlTemplate\":\"https:\\\/\\\/www.iestorreolvidada.com\\\/?s={search_term_string}\"},\"query-input\":{\"@type\":\"PropertyValueSpecification\",\"valueRequired\":true,\"valueName\":\"search_term_string\"}}],\"inLanguage\":\"es\"},{\"@type\":\"Organization\",\"@id\":\"https:\\\/\\\/www.iestorreolvidada.com\\\/#organization\",\"name\":\"IES Torre Olvidada\",\"url\":\"https:\\\/\\\/www.iestorreolvidada.com\\\/\",\"logo\":{\"@type\":\"ImageObject\",\"inLanguage\":\"es\",\"@id\":\"https:\\\/\\\/www.iestorreolvidada.com\\\/#\\\/schema\\\/logo\\\/image\\\/\",\"url\":\"https:\\\/\\\/i0.wp.com\\\/www.iestorreolvidada.com\\\/wp-content\\\/uploads\\\/2023\\\/02\\\/LOGO-IES_antiguo-2.jpg?fit=1819%2C2002&ssl=1\",\"contentUrl\":\"https:\\\/\\\/i0.wp.com\\\/www.iestorreolvidada.com\\\/wp-content\\\/uploads\\\/2023\\\/02\\\/LOGO-IES_antiguo-2.jpg?fit=1819%2C2002&ssl=1\",\"width\":1819,\"height\":2002,\"caption\":\"IES Torre Olvidada\"},\"image\":{\"@id\":\"https:\\\/\\\/www.iestorreolvidada.com\\\/#\\\/schema\\\/logo\\\/image\\\/\"},\"sameAs\":[\"https:\\\/\\\/www.facebook.com\\\/iestorreolvidada\",\"https:\\\/\\\/x.com\\\/torre_ies\",\"https:\\\/\\\/www.instagram.com\\\/ies_torre_olvidada\\\/?hl=es\"]},{\"@type\":\"Person\",\"@id\":\"https:\\\/\\\/www.iestorreolvidada.com\\\/#\\\/schema\\\/person\\\/ed89d43e5ad4e40a9984ba656379bfee\",\"name\":\"IES Torre Olvidada\",\"image\":{\"@type\":\"ImageObject\",\"inLanguage\":\"es\",\"@id\":\"https:\\\/\\\/secure.gravatar.com\\\/avatar\\\/7d17ebf64c14f8520da13f1b8d49e5ce564300381f89e2603e18c11338e2e28d?s=96&d=mm&r=g\",\"url\":\"https:\\\/\\\/secure.gravatar.com\\\/avatar\\\/7d17ebf64c14f8520da13f1b8d49e5ce564300381f89e2603e18c11338e2e28d?s=96&d=mm&r=g\",\"contentUrl\":\"https:\\\/\\\/secure.gravatar.com\\\/avatar\\\/7d17ebf64c14f8520da13f1b8d49e5ce564300381f89e2603e18c11338e2e28d?s=96&d=mm&r=g\",\"caption\":\"IES Torre Olvidada\"},\"sameAs\":[\"https:\\\/\\\/www.iestorreolvidada.com\"],\"url\":\"https:\\\/\\\/www.iestorreolvidada.com\\\/index.php\\\/author\\\/admin_trrlvdd11\\\/\"}]}<\/script>\n<!-- \/ Yoast SEO plugin. -->","yoast_head_json":{"title":"La atenci\u00f3n al alumnado con dislexia - IES Torre Olvidada","robots":{"index":"index","follow":"follow","max-snippet":"max-snippet:-1","max-image-preview":"max-image-preview:large","max-video-preview":"max-video-preview:-1"},"canonical":"https:\/\/www.iestorreolvidada.com\/index.php\/2015\/06\/18\/la-atencion-al-alumnado-con-dislexia\/","og_locale":"es_ES","og_type":"article","og_title":"La atenci\u00f3n al alumnado con dislexia - IES Torre Olvidada","og_description":"\u201cLa atenci\u00f3n al alumnado con dislexia en el sistema educativo en el contexto de las necesidades espec\u00edficas de apoyo educativo\u201d Se ha publicado recientemente, en la web Eurydice Espa\u00f1a-REDIE, el primer estudio propio de la Red espa\u00f1ola de informaci\u00f3n sobre educaci\u00f3n titulado La atenci\u00f3n al alumnado con dislexia en el sistema educativo en el contexto [&hellip;]","og_url":"https:\/\/www.iestorreolvidada.com\/index.php\/2015\/06\/18\/la-atencion-al-alumnado-con-dislexia\/","og_site_name":"IES Torre Olvidada","article_publisher":"https:\/\/www.facebook.com\/iestorreolvidada","article_published_time":"2015-06-18T08:59:41+00:00","og_image":[{"width":630,"height":300,"url":"https:\/\/www.iestorreolvidada.com\/wp-content\/uploads\/2015\/06\/orientacion_not.jpg","type":"image\/jpeg"}],"author":"IES Torre Olvidada","twitter_card":"summary_large_image","twitter_creator":"@torre_ies","twitter_site":"@torre_ies","twitter_misc":{"Escrito por":"IES Torre Olvidada","Tiempo de lectura":"1 minuto"},"schema":{"@context":"https:\/\/schema.org","@graph":[{"@type":"Article","@id":"https:\/\/www.iestorreolvidada.com\/index.php\/2015\/06\/18\/la-atencion-al-alumnado-con-dislexia\/#article","isPartOf":{"@id":"https:\/\/www.iestorreolvidada.com\/index.php\/2015\/06\/18\/la-atencion-al-alumnado-con-dislexia\/"},"author":{"name":"IES Torre Olvidada","@id":"https:\/\/www.iestorreolvidada.com\/#\/schema\/person\/ed89d43e5ad4e40a9984ba656379bfee"},"headline":"La atenci\u00f3n al alumnado con dislexia","datePublished":"2015-06-18T08:59:41+00:00","mainEntityOfPage":{"@id":"https:\/\/www.iestorreolvidada.com\/index.php\/2015\/06\/18\/la-atencion-al-alumnado-con-dislexia\/"},"wordCount":128,"commentCount":0,"publisher":{"@id":"https:\/\/www.iestorreolvidada.com\/#organization"},"image":{"@id":"https:\/\/www.iestorreolvidada.com\/index.php\/2015\/06\/18\/la-atencion-al-alumnado-con-dislexia\/#primaryimage"},"thumbnailUrl":"https:\/\/www.iestorreolvidada.com\/wp-content\/uploads\/2015\/06\/orientacion_not.jpg","articleSection":["Departamentos","Orientaci\u00f3n Noticias"],"inLanguage":"es","potentialAction":[{"@type":"CommentAction","name":"Comment","target":["https:\/\/www.iestorreolvidada.com\/index.php\/2015\/06\/18\/la-atencion-al-alumnado-con-dislexia\/#respond"]}]},{"@type":"WebPage","@id":"https:\/\/www.iestorreolvidada.com\/index.php\/2015\/06\/18\/la-atencion-al-alumnado-con-dislexia\/","url":"https:\/\/www.iestorreolvidada.com\/index.php\/2015\/06\/18\/la-atencion-al-alumnado-con-dislexia\/","name":"La atenci\u00f3n al alumnado con dislexia - IES Torre Olvidada","isPartOf":{"@id":"https:\/\/www.iestorreolvidada.com\/#website"},"primaryImageOfPage":{"@id":"https:\/\/www.iestorreolvidada.com\/index.php\/2015\/06\/18\/la-atencion-al-alumnado-con-dislexia\/#primaryimage"},"image":{"@id":"https:\/\/www.iestorreolvidada.com\/index.php\/2015\/06\/18\/la-atencion-al-alumnado-con-dislexia\/#primaryimage"},"thumbnailUrl":"https:\/\/www.iestorreolvidada.com\/wp-content\/uploads\/2015\/06\/orientacion_not.jpg","datePublished":"2015-06-18T08:59:41+00:00","breadcrumb":{"@id":"https:\/\/www.iestorreolvidada.com\/index.php\/2015\/06\/18\/la-atencion-al-alumnado-con-dislexia\/#breadcrumb"},"inLanguage":"es","potentialAction":[{"@type":"ReadAction","target":["https:\/\/www.iestorreolvidada.com\/index.php\/2015\/06\/18\/la-atencion-al-alumnado-con-dislexia\/"]}]},{"@type":"ImageObject","inLanguage":"es","@id":"https:\/\/www.iestorreolvidada.com\/index.php\/2015\/06\/18\/la-atencion-al-alumnado-con-dislexia\/#primaryimage","url":"https:\/\/www.iestorreolvidada.com\/wp-content\/uploads\/2015\/06\/orientacion_not.jpg","contentUrl":"https:\/\/www.iestorreolvidada.com\/wp-content\/uploads\/2015\/06\/orientacion_not.jpg","width":630,"height":300},{"@type":"BreadcrumbList","@id":"https:\/\/www.iestorreolvidada.com\/index.php\/2015\/06\/18\/la-atencion-al-alumnado-con-dislexia\/#breadcrumb","itemListElement":[{"@type":"ListItem","position":1,"name":"Portada","item":"https:\/\/www.iestorreolvidada.com\/"},{"@type":"ListItem","position":2,"name":"La atenci\u00f3n al alumnado con dislexia"}]},{"@type":"WebSite","@id":"https:\/\/www.iestorreolvidada.com\/#website","url":"https:\/\/www.iestorreolvidada.com\/","name":"IES Torre Olvidada","description":"Instituto de Ense\u00f1anza Secundaria - Torredelcampo","publisher":{"@id":"https:\/\/www.iestorreolvidada.com\/#organization"},"potentialAction":[{"@type":"SearchAction","target":{"@type":"EntryPoint","urlTemplate":"https:\/\/www.iestorreolvidada.com\/?s={search_term_string}"},"query-input":{"@type":"PropertyValueSpecification","valueRequired":true,"valueName":"search_term_string"}}],"inLanguage":"es"},{"@type":"Organization","@id":"https:\/\/www.iestorreolvidada.com\/#organization","name":"IES Torre Olvidada","url":"https:\/\/www.iestorreolvidada.com\/","logo":{"@type":"ImageObject","inLanguage":"es","@id":"https:\/\/www.iestorreolvidada.com\/#\/schema\/logo\/image\/","url":"https:\/\/i0.wp.com\/www.iestorreolvidada.com\/wp-content\/uploads\/2023\/02\/LOGO-IES_antiguo-2.jpg?fit=1819%2C2002&ssl=1","contentUrl":"https:\/\/i0.wp.com\/www.iestorreolvidada.com\/wp-content\/uploads\/2023\/02\/LOGO-IES_antiguo-2.jpg?fit=1819%2C2002&ssl=1","width":1819,"height":2002,"caption":"IES Torre Olvidada"},"image":{"@id":"https:\/\/www.iestorreolvidada.com\/#\/schema\/logo\/image\/"},"sameAs":["https:\/\/www.facebook.com\/iestorreolvidada","https:\/\/x.com\/torre_ies","https:\/\/www.instagram.com\/ies_torre_olvidada\/?hl=es"]},{"@type":"Person","@id":"https:\/\/www.iestorreolvidada.com\/#\/schema\/person\/ed89d43e5ad4e40a9984ba656379bfee","name":"IES Torre Olvidada","image":{"@type":"ImageObject","inLanguage":"es","@id":"https:\/\/secure.gravatar.com\/avatar\/7d17ebf64c14f8520da13f1b8d49e5ce564300381f89e2603e18c11338e2e28d?s=96&d=mm&r=g","url":"https:\/\/secure.gravatar.com\/avatar\/7d17ebf64c14f8520da13f1b8d49e5ce564300381f89e2603e18c11338e2e28d?s=96&d=mm&r=g","contentUrl":"https:\/\/secure.gravatar.com\/avatar\/7d17ebf64c14f8520da13f1b8d49e5ce564300381f89e2603e18c11338e2e28d?s=96&d=mm&r=g","caption":"IES Torre Olvidada"},"sameAs":["https:\/\/www.iestorreolvidada.com"],"url":"https:\/\/www.iestorreolvidada.com\/index.php\/author\/admin_trrlvdd11\/"}]}},"jetpack_publicize_connections":[],"jetpack_featured_media_url":"https:\/\/www.iestorreolvidada.com\/wp-content\/uploads\/2015\/06\/orientacion_not.jpg","jetpack-related-posts":[],"jetpack_shortlink":"https:\/\/wp.me\/pemPlE-zH","jetpack_sharing_enabled":true,"_links":{"self":[{"href":"https:\/\/www.iestorreolvidada.com\/index.php\/wp-json\/wp\/v2\/posts\/2213","targetHints":{"allow":["GET"]}}],"collection":[{"href":"https:\/\/www.iestorreolvidada.com\/index.php\/wp-json\/wp\/v2\/posts"}],"about":[{"href":"https:\/\/www.iestorreolvidada.com\/index.php\/wp-json\/wp\/v2\/types\/post"}],"author":[{"embeddable":true,"href":"https:\/\/www.iestorreolvidada.com\/index.php\/wp-json\/wp\/v2\/users\/1"}],"replies":[{"embeddable":true,"href":"https:\/\/www.iestorreolvidada.com\/index.php\/wp-json\/wp\/v2\/comments?post=2213"}],"version-history":[{"count":0,"href":"https:\/\/www.iestorreolvidada.com\/index.php\/wp-json\/wp\/v2\/posts\/2213\/revisions"}],"wp:featuredmedia":[{"embeddable":true,"href":"https:\/\/www.iestorreolvidada.com\/index.php\/wp-json\/wp\/v2\/media\/2214"}],"wp:attachment":[{"href":"https:\/\/www.iestorreolvidada.com\/index.php\/wp-json\/wp\/v2\/media?parent=2213"}],"wp:term":[{"taxonomy":"category","embeddable":true,"href":"https:\/\/www.iestorreolvidada.com\/index.php\/wp-json\/wp\/v2\/categories?post=2213"},{"taxonomy":"post_tag","embeddable":true,"href":"https:\/\/www.iestorreolvidada.com\/index.php\/wp-json\/wp\/v2\/tags?post=2213"}],"curies":[{"name":"wp","href":"https:\/\/api.w.org\/{rel}","templated":true}]}}