{"id":4372,"date":"2023-11-21T07:55:33","date_gmt":"2023-11-21T07:55:33","guid":{"rendered":"https:\/\/www.iestorreolvidada.com\/?p=4372"},"modified":"2023-11-21T07:56:43","modified_gmt":"2023-11-21T07:56:43","slug":"visita-al-parque-de-las-ciencias-de-granada","status":"publish","type":"post","link":"https:\/\/www.iestorreolvidada.com\/index.php\/2023\/11\/21\/visita-al-parque-de-las-ciencias-de-granada\/","title":{"rendered":"Visita al Parque de las Ciencias de Granada"},"content":{"rendered":"<div>Entre las actividades programadas durante la semana de la ciencia, el alumnado de 1\u00ba de la ESO ha realizado una visita al Parque de las Ciencias de Granada.<\/div>\n<div>Hemos podido contemplar una interesante muestra de la biodiversidad de nuestro planeta en el Biodomo. All\u00ed hemos observado todo tipo de animales: corales, medusas, an\u00e9monas, insectos y escorpiones, tiburones, numerosos tipos de peces, anfibios, cocodrilos y serpientes, aves tropicales, nutrias, lemures&#8230;<\/div>\n<div>El alumnado ha podido practicar sus habilidades de programaci\u00f3n en el taller de Rob\u00f3tica. Mientras que en el Planetario, hemos aprendido c\u00f3mo se buscan planetas en otros sistemas solares y qu\u00e9 posibilidades tienen de albergar vida.<\/div>\n<div>\n<p>Y, por \u00faltimo, algunas y algunos valientes se han atrevido a sostener en sus manos insectos vivos y realmente grandes en un fant\u00e1stico taller sobre entomolog\u00eda.<\/p>\n<div class=\"et_pb_slider et_pb_slider_fullwidth_off et_pb_gallery_post_type\">\n\t\t\t\t<div class=\"et_pb_slides\">\n\t\t\t\t\t<div class=\"et_pb_slide\" style=\"background: url(https:\/\/www.iestorreolvidada.com\/wp-content\/uploads\/2023\/11\/2023-11-16-002.jpg);\"><\/div><div class=\"et_pb_slide\" style=\"background: url(https:\/\/www.iestorreolvidada.com\/wp-content\/uploads\/2023\/11\/2023-11-16-006.jpg);\"><\/div><div class=\"et_pb_slide\" style=\"background: url(https:\/\/www.iestorreolvidada.com\/wp-content\/uploads\/2023\/11\/2023-11-16-007.jpg);\"><\/div><div class=\"et_pb_slide\" style=\"background: url(https:\/\/www.iestorreolvidada.com\/wp-content\/uploads\/2023\/11\/2023-11-16-015.jpg);\"><\/div><div class=\"et_pb_slide\" style=\"background: url(https:\/\/www.iestorreolvidada.com\/wp-content\/uploads\/2023\/11\/2023-11-16-016.jpg);\"><\/div><div class=\"et_pb_slide\" style=\"background: url(https:\/\/www.iestorreolvidada.com\/wp-content\/uploads\/2023\/11\/2023-11-16-021.jpg);\"><\/div><div class=\"et_pb_slide\" style=\"background: url(https:\/\/www.iestorreolvidada.com\/wp-content\/uploads\/2023\/11\/2023-11-16-026.jpg);\"><\/div>\n\t\t\t\t<\/div>\n\t\t\t<\/div>\n<p>&nbsp;<\/p>\n<\/div>\n","protected":false},"excerpt":{"rendered":"<p>Entre las actividades programadas durante la semana de la ciencia, el alumnado de 1\u00ba de la ESO ha realizado una visita al Parque de las Ciencias de Granada. Hemos podido contemplar una interesante muestra de la biodiversidad de nuestro planeta en el Biodomo. All\u00ed hemos observado todo tipo de animales: corales, medusas, an\u00e9monas, insectos y [&hellip;]<\/p>\n","protected":false},"author":2,"featured_media":4375,"comment_status":"open","ping_status":"open","sticky":false,"template":"","format":"standard","meta":{"_et_pb_use_builder":"","_et_pb_old_content":"","_et_gb_content_width":"","_monsterinsights_skip_tracking":false,"_monsterinsights_sitenote_active":false,"_monsterinsights_sitenote_note":"","_monsterinsights_sitenote_category":0,"_jetpack_memberships_contains_paid_content":false,"footnotes":"","jetpack_publicize_message":"","jetpack_publicize_feature_enabled":true,"jetpack_social_post_already_shared":true,"jetpack_social_options":{"image_generator_settings":{"template":"highway","default_image_id":0,"font":"","enabled":false},"version":2}},"categories":[5,24,16],"tags":[39],"class_list":["post-4372","post","type-post","status-publish","format-standard","has-post-thumbnail","hentry","category-noticias-biologia-y-geologia","category-ies-torre-olvidada","category-matematicas-noticias","tag-semana-de-la-ciencia"],"yoast_head":"<!-- This site is optimized with the Yoast SEO plugin v27.4 - https:\/\/yoast.com\/product\/yoast-seo-wordpress\/ -->\n<title>Visita al Parque de las Ciencias de Granada - IES Torre Olvidada<\/title>\n<meta name=\"description\" content=\"parque de las ciencias, Granada, semana de la ciencia, alumnado de 1\u00ba de ESO, Biolog\u00eda y Geolog\u00eda, Rob\u00f3tica\" \/>\n<meta name=\"robots\" content=\"index, follow, max-snippet:-1, max-image-preview:large, max-video-preview:-1\" \/>\n<link rel=\"canonical\" href=\"https:\/\/www.iestorreolvidada.com\/index.php\/2023\/11\/21\/visita-al-parque-de-las-ciencias-de-granada\/\" \/>\n<meta property=\"og:locale\" content=\"es_ES\" \/>\n<meta property=\"og:type\" content=\"article\" \/>\n<meta property=\"og:title\" content=\"Visita al Parque de las Ciencias de Granada - IES Torre Olvidada\" \/>\n<meta property=\"og:description\" content=\"parque de las ciencias, Granada, semana de la ciencia, alumnado de 1\u00ba de ESO, Biolog\u00eda y Geolog\u00eda, Rob\u00f3tica\" \/>\n<meta property=\"og:url\" content=\"https:\/\/www.iestorreolvidada.com\/index.php\/2023\/11\/21\/visita-al-parque-de-las-ciencias-de-granada\/\" \/>\n<meta property=\"og:site_name\" content=\"IES Torre Olvidada\" \/>\n<meta property=\"article:publisher\" content=\"https:\/\/www.facebook.com\/iestorreolvidada\" \/>\n<meta property=\"article:published_time\" content=\"2023-11-21T07:55:33+00:00\" \/>\n<meta property=\"article:modified_time\" content=\"2023-11-21T07:56:43+00:00\" \/>\n<meta property=\"og:image\" content=\"https:\/\/www.iestorreolvidada.com\/wp-content\/uploads\/2023\/11\/2023-11-16-007.jpg\" \/>\n\t<meta property=\"og:image:width\" content=\"800\" \/>\n\t<meta property=\"og:image:height\" content=\"600\" \/>\n\t<meta property=\"og:image:type\" content=\"image\/jpeg\" \/>\n<meta name=\"author\" content=\"IES Torre Olvidada\" \/>\n<meta name=\"twitter:card\" content=\"summary_large_image\" \/>\n<meta name=\"twitter:creator\" content=\"@torre_ies\" \/>\n<meta name=\"twitter:site\" content=\"@torre_ies\" \/>\n<meta name=\"twitter:label1\" content=\"Escrito por\" \/>\n\t<meta name=\"twitter:data1\" content=\"IES Torre Olvidada\" \/>\n\t<meta name=\"twitter:label2\" content=\"Tiempo de lectura\" \/>\n\t<meta name=\"twitter:data2\" content=\"1 minuto\" \/>\n<script type=\"application\/ld+json\" class=\"yoast-schema-graph\">{\"@context\":\"https:\\\/\\\/schema.org\",\"@graph\":[{\"@type\":\"Article\",\"@id\":\"https:\\\/\\\/www.iestorreolvidada.com\\\/index.php\\\/2023\\\/11\\\/21\\\/visita-al-parque-de-las-ciencias-de-granada\\\/#article\",\"isPartOf\":{\"@id\":\"https:\\\/\\\/www.iestorreolvidada.com\\\/index.php\\\/2023\\\/11\\\/21\\\/visita-al-parque-de-las-ciencias-de-granada\\\/\"},\"author\":{\"name\":\"IES Torre Olvidada\",\"@id\":\"https:\\\/\\\/www.iestorreolvidada.com\\\/#\\\/schema\\\/person\\\/d5b3d5d54511de3cc4b20440de306183\"},\"headline\":\"Visita al Parque de las Ciencias de Granada\",\"datePublished\":\"2023-11-21T07:55:33+00:00\",\"dateModified\":\"2023-11-21T07:56:43+00:00\",\"mainEntityOfPage\":{\"@id\":\"https:\\\/\\\/www.iestorreolvidada.com\\\/index.php\\\/2023\\\/11\\\/21\\\/visita-al-parque-de-las-ciencias-de-granada\\\/\"},\"wordCount\":147,\"commentCount\":0,\"publisher\":{\"@id\":\"https:\\\/\\\/www.iestorreolvidada.com\\\/#organization\"},\"image\":{\"@id\":\"https:\\\/\\\/www.iestorreolvidada.com\\\/index.php\\\/2023\\\/11\\\/21\\\/visita-al-parque-de-las-ciencias-de-granada\\\/#primaryimage\"},\"thumbnailUrl\":\"https:\\\/\\\/www.iestorreolvidada.com\\\/wp-content\\\/uploads\\\/2023\\\/11\\\/2023-11-16-007.jpg\",\"keywords\":[\"Semana de la ciencia\"],\"articleSection\":[\"Biolog\u00eda y Geolog\u00eda Noticias\",\"IES Torre Olvidada\",\"Matem\u00e1ticas Noticias\"],\"inLanguage\":\"es\",\"potentialAction\":[{\"@type\":\"CommentAction\",\"name\":\"Comment\",\"target\":[\"https:\\\/\\\/www.iestorreolvidada.com\\\/index.php\\\/2023\\\/11\\\/21\\\/visita-al-parque-de-las-ciencias-de-granada\\\/#respond\"]}]},{\"@type\":\"WebPage\",\"@id\":\"https:\\\/\\\/www.iestorreolvidada.com\\\/index.php\\\/2023\\\/11\\\/21\\\/visita-al-parque-de-las-ciencias-de-granada\\\/\",\"url\":\"https:\\\/\\\/www.iestorreolvidada.com\\\/index.php\\\/2023\\\/11\\\/21\\\/visita-al-parque-de-las-ciencias-de-granada\\\/\",\"name\":\"Visita al Parque de las Ciencias de Granada - IES Torre Olvidada\",\"isPartOf\":{\"@id\":\"https:\\\/\\\/www.iestorreolvidada.com\\\/#website\"},\"primaryImageOfPage\":{\"@id\":\"https:\\\/\\\/www.iestorreolvidada.com\\\/index.php\\\/2023\\\/11\\\/21\\\/visita-al-parque-de-las-ciencias-de-granada\\\/#primaryimage\"},\"image\":{\"@id\":\"https:\\\/\\\/www.iestorreolvidada.com\\\/index.php\\\/2023\\\/11\\\/21\\\/visita-al-parque-de-las-ciencias-de-granada\\\/#primaryimage\"},\"thumbnailUrl\":\"https:\\\/\\\/www.iestorreolvidada.com\\\/wp-content\\\/uploads\\\/2023\\\/11\\\/2023-11-16-007.jpg\",\"datePublished\":\"2023-11-21T07:55:33+00:00\",\"dateModified\":\"2023-11-21T07:56:43+00:00\",\"description\":\"parque de las ciencias, Granada, semana de la ciencia, alumnado de 1\u00ba de ESO, Biolog\u00eda y Geolog\u00eda, Rob\u00f3tica\",\"breadcrumb\":{\"@id\":\"https:\\\/\\\/www.iestorreolvidada.com\\\/index.php\\\/2023\\\/11\\\/21\\\/visita-al-parque-de-las-ciencias-de-granada\\\/#breadcrumb\"},\"inLanguage\":\"es\",\"potentialAction\":[{\"@type\":\"ReadAction\",\"target\":[\"https:\\\/\\\/www.iestorreolvidada.com\\\/index.php\\\/2023\\\/11\\\/21\\\/visita-al-parque-de-las-ciencias-de-granada\\\/\"]}]},{\"@type\":\"ImageObject\",\"inLanguage\":\"es\",\"@id\":\"https:\\\/\\\/www.iestorreolvidada.com\\\/index.php\\\/2023\\\/11\\\/21\\\/visita-al-parque-de-las-ciencias-de-granada\\\/#primaryimage\",\"url\":\"https:\\\/\\\/www.iestorreolvidada.com\\\/wp-content\\\/uploads\\\/2023\\\/11\\\/2023-11-16-007.jpg\",\"contentUrl\":\"https:\\\/\\\/www.iestorreolvidada.com\\\/wp-content\\\/uploads\\\/2023\\\/11\\\/2023-11-16-007.jpg\",\"width\":800,\"height\":600},{\"@type\":\"BreadcrumbList\",\"@id\":\"https:\\\/\\\/www.iestorreolvidada.com\\\/index.php\\\/2023\\\/11\\\/21\\\/visita-al-parque-de-las-ciencias-de-granada\\\/#breadcrumb\",\"itemListElement\":[{\"@type\":\"ListItem\",\"position\":1,\"name\":\"Portada\",\"item\":\"https:\\\/\\\/www.iestorreolvidada.com\\\/\"},{\"@type\":\"ListItem\",\"position\":2,\"name\":\"Visita al Parque de las Ciencias de Granada\"}]},{\"@type\":\"WebSite\",\"@id\":\"https:\\\/\\\/www.iestorreolvidada.com\\\/#website\",\"url\":\"https:\\\/\\\/www.iestorreolvidada.com\\\/\",\"name\":\"IES Torre Olvidada\",\"description\":\"Instituto de Ense\u00f1anza Secundaria - Torredelcampo\",\"publisher\":{\"@id\":\"https:\\\/\\\/www.iestorreolvidada.com\\\/#organization\"},\"potentialAction\":[{\"@type\":\"SearchAction\",\"target\":{\"@type\":\"EntryPoint\",\"urlTemplate\":\"https:\\\/\\\/www.iestorreolvidada.com\\\/?s={search_term_string}\"},\"query-input\":{\"@type\":\"PropertyValueSpecification\",\"valueRequired\":true,\"valueName\":\"search_term_string\"}}],\"inLanguage\":\"es\"},{\"@type\":\"Organization\",\"@id\":\"https:\\\/\\\/www.iestorreolvidada.com\\\/#organization\",\"name\":\"IES Torre Olvidada\",\"url\":\"https:\\\/\\\/www.iestorreolvidada.com\\\/\",\"logo\":{\"@type\":\"ImageObject\",\"inLanguage\":\"es\",\"@id\":\"https:\\\/\\\/www.iestorreolvidada.com\\\/#\\\/schema\\\/logo\\\/image\\\/\",\"url\":\"https:\\\/\\\/i0.wp.com\\\/www.iestorreolvidada.com\\\/wp-content\\\/uploads\\\/2023\\\/02\\\/LOGO-IES_antiguo-2.jpg?fit=1819%2C2002&ssl=1\",\"contentUrl\":\"https:\\\/\\\/i0.wp.com\\\/www.iestorreolvidada.com\\\/wp-content\\\/uploads\\\/2023\\\/02\\\/LOGO-IES_antiguo-2.jpg?fit=1819%2C2002&ssl=1\",\"width\":1819,\"height\":2002,\"caption\":\"IES Torre Olvidada\"},\"image\":{\"@id\":\"https:\\\/\\\/www.iestorreolvidada.com\\\/#\\\/schema\\\/logo\\\/image\\\/\"},\"sameAs\":[\"https:\\\/\\\/www.facebook.com\\\/iestorreolvidada\",\"https:\\\/\\\/x.com\\\/torre_ies\",\"https:\\\/\\\/www.instagram.com\\\/ies_torre_olvidada\\\/?hl=es\"]},{\"@type\":\"Person\",\"@id\":\"https:\\\/\\\/www.iestorreolvidada.com\\\/#\\\/schema\\\/person\\\/d5b3d5d54511de3cc4b20440de306183\",\"name\":\"IES Torre Olvidada\",\"image\":{\"@type\":\"ImageObject\",\"inLanguage\":\"es\",\"@id\":\"https:\\\/\\\/secure.gravatar.com\\\/avatar\\\/97634abbab78eb99a51cdc7b71ef263856b45acddbb79c08da9aa97d8ecd37ee?s=96&d=mm&r=g\",\"url\":\"https:\\\/\\\/secure.gravatar.com\\\/avatar\\\/97634abbab78eb99a51cdc7b71ef263856b45acddbb79c08da9aa97d8ecd37ee?s=96&d=mm&r=g\",\"contentUrl\":\"https:\\\/\\\/secure.gravatar.com\\\/avatar\\\/97634abbab78eb99a51cdc7b71ef263856b45acddbb79c08da9aa97d8ecd37ee?s=96&d=mm&r=g\",\"caption\":\"IES Torre Olvidada\"},\"url\":\"https:\\\/\\\/www.iestorreolvidada.com\\\/index.php\\\/author\\\/comunicacion_trrolvdd\\\/\"}]}<\/script>\n<!-- \/ Yoast SEO plugin. -->","yoast_head_json":{"title":"Visita al Parque de las Ciencias de Granada - IES Torre Olvidada","description":"parque de las ciencias, Granada, semana de la ciencia, alumnado de 1\u00ba de ESO, Biolog\u00eda y Geolog\u00eda, Rob\u00f3tica","robots":{"index":"index","follow":"follow","max-snippet":"max-snippet:-1","max-image-preview":"max-image-preview:large","max-video-preview":"max-video-preview:-1"},"canonical":"https:\/\/www.iestorreolvidada.com\/index.php\/2023\/11\/21\/visita-al-parque-de-las-ciencias-de-granada\/","og_locale":"es_ES","og_type":"article","og_title":"Visita al Parque de las Ciencias de Granada - IES Torre Olvidada","og_description":"parque de las ciencias, Granada, semana de la ciencia, alumnado de 1\u00ba de ESO, Biolog\u00eda y Geolog\u00eda, Rob\u00f3tica","og_url":"https:\/\/www.iestorreolvidada.com\/index.php\/2023\/11\/21\/visita-al-parque-de-las-ciencias-de-granada\/","og_site_name":"IES Torre Olvidada","article_publisher":"https:\/\/www.facebook.com\/iestorreolvidada","article_published_time":"2023-11-21T07:55:33+00:00","article_modified_time":"2023-11-21T07:56:43+00:00","og_image":[{"width":800,"height":600,"url":"https:\/\/www.iestorreolvidada.com\/wp-content\/uploads\/2023\/11\/2023-11-16-007.jpg","type":"image\/jpeg"}],"author":"IES Torre Olvidada","twitter_card":"summary_large_image","twitter_creator":"@torre_ies","twitter_site":"@torre_ies","twitter_misc":{"Escrito por":"IES Torre Olvidada","Tiempo de lectura":"1 minuto"},"schema":{"@context":"https:\/\/schema.org","@graph":[{"@type":"Article","@id":"https:\/\/www.iestorreolvidada.com\/index.php\/2023\/11\/21\/visita-al-parque-de-las-ciencias-de-granada\/#article","isPartOf":{"@id":"https:\/\/www.iestorreolvidada.com\/index.php\/2023\/11\/21\/visita-al-parque-de-las-ciencias-de-granada\/"},"author":{"name":"IES Torre Olvidada","@id":"https:\/\/www.iestorreolvidada.com\/#\/schema\/person\/d5b3d5d54511de3cc4b20440de306183"},"headline":"Visita al Parque de las Ciencias de Granada","datePublished":"2023-11-21T07:55:33+00:00","dateModified":"2023-11-21T07:56:43+00:00","mainEntityOfPage":{"@id":"https:\/\/www.iestorreolvidada.com\/index.php\/2023\/11\/21\/visita-al-parque-de-las-ciencias-de-granada\/"},"wordCount":147,"commentCount":0,"publisher":{"@id":"https:\/\/www.iestorreolvidada.com\/#organization"},"image":{"@id":"https:\/\/www.iestorreolvidada.com\/index.php\/2023\/11\/21\/visita-al-parque-de-las-ciencias-de-granada\/#primaryimage"},"thumbnailUrl":"https:\/\/www.iestorreolvidada.com\/wp-content\/uploads\/2023\/11\/2023-11-16-007.jpg","keywords":["Semana de la ciencia"],"articleSection":["Biolog\u00eda y Geolog\u00eda Noticias","IES Torre Olvidada","Matem\u00e1ticas Noticias"],"inLanguage":"es","potentialAction":[{"@type":"CommentAction","name":"Comment","target":["https:\/\/www.iestorreolvidada.com\/index.php\/2023\/11\/21\/visita-al-parque-de-las-ciencias-de-granada\/#respond"]}]},{"@type":"WebPage","@id":"https:\/\/www.iestorreolvidada.com\/index.php\/2023\/11\/21\/visita-al-parque-de-las-ciencias-de-granada\/","url":"https:\/\/www.iestorreolvidada.com\/index.php\/2023\/11\/21\/visita-al-parque-de-las-ciencias-de-granada\/","name":"Visita al Parque de las Ciencias de Granada - IES Torre Olvidada","isPartOf":{"@id":"https:\/\/www.iestorreolvidada.com\/#website"},"primaryImageOfPage":{"@id":"https:\/\/www.iestorreolvidada.com\/index.php\/2023\/11\/21\/visita-al-parque-de-las-ciencias-de-granada\/#primaryimage"},"image":{"@id":"https:\/\/www.iestorreolvidada.com\/index.php\/2023\/11\/21\/visita-al-parque-de-las-ciencias-de-granada\/#primaryimage"},"thumbnailUrl":"https:\/\/www.iestorreolvidada.com\/wp-content\/uploads\/2023\/11\/2023-11-16-007.jpg","datePublished":"2023-11-21T07:55:33+00:00","dateModified":"2023-11-21T07:56:43+00:00","description":"parque de las ciencias, Granada, semana de la ciencia, alumnado de 1\u00ba de ESO, Biolog\u00eda y Geolog\u00eda, Rob\u00f3tica","breadcrumb":{"@id":"https:\/\/www.iestorreolvidada.com\/index.php\/2023\/11\/21\/visita-al-parque-de-las-ciencias-de-granada\/#breadcrumb"},"inLanguage":"es","potentialAction":[{"@type":"ReadAction","target":["https:\/\/www.iestorreolvidada.com\/index.php\/2023\/11\/21\/visita-al-parque-de-las-ciencias-de-granada\/"]}]},{"@type":"ImageObject","inLanguage":"es","@id":"https:\/\/www.iestorreolvidada.com\/index.php\/2023\/11\/21\/visita-al-parque-de-las-ciencias-de-granada\/#primaryimage","url":"https:\/\/www.iestorreolvidada.com\/wp-content\/uploads\/2023\/11\/2023-11-16-007.jpg","contentUrl":"https:\/\/www.iestorreolvidada.com\/wp-content\/uploads\/2023\/11\/2023-11-16-007.jpg","width":800,"height":600},{"@type":"BreadcrumbList","@id":"https:\/\/www.iestorreolvidada.com\/index.php\/2023\/11\/21\/visita-al-parque-de-las-ciencias-de-granada\/#breadcrumb","itemListElement":[{"@type":"ListItem","position":1,"name":"Portada","item":"https:\/\/www.iestorreolvidada.com\/"},{"@type":"ListItem","position":2,"name":"Visita al Parque de las Ciencias de Granada"}]},{"@type":"WebSite","@id":"https:\/\/www.iestorreolvidada.com\/#website","url":"https:\/\/www.iestorreolvidada.com\/","name":"IES Torre Olvidada","description":"Instituto de Ense\u00f1anza Secundaria - Torredelcampo","publisher":{"@id":"https:\/\/www.iestorreolvidada.com\/#organization"},"potentialAction":[{"@type":"SearchAction","target":{"@type":"EntryPoint","urlTemplate":"https:\/\/www.iestorreolvidada.com\/?s={search_term_string}"},"query-input":{"@type":"PropertyValueSpecification","valueRequired":true,"valueName":"search_term_string"}}],"inLanguage":"es"},{"@type":"Organization","@id":"https:\/\/www.iestorreolvidada.com\/#organization","name":"IES Torre Olvidada","url":"https:\/\/www.iestorreolvidada.com\/","logo":{"@type":"ImageObject","inLanguage":"es","@id":"https:\/\/www.iestorreolvidada.com\/#\/schema\/logo\/image\/","url":"https:\/\/i0.wp.com\/www.iestorreolvidada.com\/wp-content\/uploads\/2023\/02\/LOGO-IES_antiguo-2.jpg?fit=1819%2C2002&ssl=1","contentUrl":"https:\/\/i0.wp.com\/www.iestorreolvidada.com\/wp-content\/uploads\/2023\/02\/LOGO-IES_antiguo-2.jpg?fit=1819%2C2002&ssl=1","width":1819,"height":2002,"caption":"IES Torre Olvidada"},"image":{"@id":"https:\/\/www.iestorreolvidada.com\/#\/schema\/logo\/image\/"},"sameAs":["https:\/\/www.facebook.com\/iestorreolvidada","https:\/\/x.com\/torre_ies","https:\/\/www.instagram.com\/ies_torre_olvidada\/?hl=es"]},{"@type":"Person","@id":"https:\/\/www.iestorreolvidada.com\/#\/schema\/person\/d5b3d5d54511de3cc4b20440de306183","name":"IES Torre Olvidada","image":{"@type":"ImageObject","inLanguage":"es","@id":"https:\/\/secure.gravatar.com\/avatar\/97634abbab78eb99a51cdc7b71ef263856b45acddbb79c08da9aa97d8ecd37ee?s=96&d=mm&r=g","url":"https:\/\/secure.gravatar.com\/avatar\/97634abbab78eb99a51cdc7b71ef263856b45acddbb79c08da9aa97d8ecd37ee?s=96&d=mm&r=g","contentUrl":"https:\/\/secure.gravatar.com\/avatar\/97634abbab78eb99a51cdc7b71ef263856b45acddbb79c08da9aa97d8ecd37ee?s=96&d=mm&r=g","caption":"IES Torre Olvidada"},"url":"https:\/\/www.iestorreolvidada.com\/index.php\/author\/comunicacion_trrolvdd\/"}]}},"jetpack_publicize_connections":[],"jetpack_featured_media_url":"https:\/\/www.iestorreolvidada.com\/wp-content\/uploads\/2023\/11\/2023-11-16-007.jpg","jetpack-related-posts":[],"jetpack_shortlink":"https:\/\/wp.me\/pemPlE-18w","jetpack_sharing_enabled":true,"_links":{"self":[{"href":"https:\/\/www.iestorreolvidada.com\/index.php\/wp-json\/wp\/v2\/posts\/4372","targetHints":{"allow":["GET"]}}],"collection":[{"href":"https:\/\/www.iestorreolvidada.com\/index.php\/wp-json\/wp\/v2\/posts"}],"about":[{"href":"https:\/\/www.iestorreolvidada.com\/index.php\/wp-json\/wp\/v2\/types\/post"}],"author":[{"embeddable":true,"href":"https:\/\/www.iestorreolvidada.com\/index.php\/wp-json\/wp\/v2\/users\/2"}],"replies":[{"embeddable":true,"href":"https:\/\/www.iestorreolvidada.com\/index.php\/wp-json\/wp\/v2\/comments?post=4372"}],"version-history":[{"count":2,"href":"https:\/\/www.iestorreolvidada.com\/index.php\/wp-json\/wp\/v2\/posts\/4372\/revisions"}],"predecessor-version":[{"id":4381,"href":"https:\/\/www.iestorreolvidada.com\/index.php\/wp-json\/wp\/v2\/posts\/4372\/revisions\/4381"}],"wp:featuredmedia":[{"embeddable":true,"href":"https:\/\/www.iestorreolvidada.com\/index.php\/wp-json\/wp\/v2\/media\/4375"}],"wp:attachment":[{"href":"https:\/\/www.iestorreolvidada.com\/index.php\/wp-json\/wp\/v2\/media?parent=4372"}],"wp:term":[{"taxonomy":"category","embeddable":true,"href":"https:\/\/www.iestorreolvidada.com\/index.php\/wp-json\/wp\/v2\/categories?post=4372"},{"taxonomy":"post_tag","embeddable":true,"href":"https:\/\/www.iestorreolvidada.com\/index.php\/wp-json\/wp\/v2\/tags?post=4372"}],"curies":[{"name":"wp","href":"https:\/\/api.w.org\/{rel}","templated":true}]}}