{"id":4389,"date":"2023-11-22T08:04:23","date_gmt":"2023-11-22T08:04:23","guid":{"rendered":"https:\/\/www.iestorreolvidada.com\/?p=4389"},"modified":"2023-11-22T08:04:23","modified_gmt":"2023-11-22T08:04:23","slug":"tertulia-literaria-ninfa-rota","status":"publish","type":"post","link":"https:\/\/www.iestorreolvidada.com\/index.php\/2023\/11\/22\/tertulia-literaria-ninfa-rota\/","title":{"rendered":"Tertulia literaria \u00abNinfa rota\u00bb"},"content":{"rendered":"<p>Nueva tertulia literaria celebrada en nuestro centro, la primera de este curso, en relaci\u00f3n con la obra <em>Ninfa rota<\/em> de Alfredo G\u00f3mez Cerd\u00e1. Contamos con la participaci\u00f3n de m\u00e1s de treinta personas entre profesorado, alumnado, padres y madres. Hemos disfrutado de la tertulia comentando los principales temas que trata el libro y aportando cada participante sus puntos de vista y posturas ante temas tan importantes hoy d\u00eda como la relaciones de pareja entre adolescentes, el maltrato y la amistad.<\/p>\n<p>Muchas gracias a todos los participantes y animamos a toda la comunidad escolar a participar en este tipo de actividades ya que son muy enriquecedoras. Nos vemos en la pr\u00f3xima tertulia (seguramente en febrero).<\/p>\n<div class=\"et_pb_slider et_pb_slider_fullwidth_off et_pb_gallery_post_type\">\n\t\t\t\t<div class=\"et_pb_slides\">\n\t\t\t\t\t<div class=\"et_pb_slide\" style=\"background: url(https:\/\/www.iestorreolvidada.com\/wp-content\/uploads\/2023\/11\/IMG-20231122-WA0009.jpg);\"><\/div><div class=\"et_pb_slide\" style=\"background: url(https:\/\/www.iestorreolvidada.com\/wp-content\/uploads\/2023\/11\/IMG-20231122-WA0010-1.jpg);\"><\/div><div class=\"et_pb_slide\" style=\"background: url(https:\/\/www.iestorreolvidada.com\/wp-content\/uploads\/2023\/11\/IMG-20231122-WA0002.jpg);\"><\/div><div class=\"et_pb_slide\" style=\"background: url(https:\/\/www.iestorreolvidada.com\/wp-content\/uploads\/2023\/11\/IMG-20231122-WA0003.jpg);\"><\/div><div class=\"et_pb_slide\" style=\"background: url(https:\/\/www.iestorreolvidada.com\/wp-content\/uploads\/2023\/11\/IMG-20231122-WA0004.jpg);\"><\/div><div class=\"et_pb_slide\" style=\"background: url(https:\/\/www.iestorreolvidada.com\/wp-content\/uploads\/2023\/11\/IMG-20231122-WA0005.jpg);\"><\/div><div class=\"et_pb_slide\" style=\"background: url(https:\/\/www.iestorreolvidada.com\/wp-content\/uploads\/2023\/11\/IMG-20231122-WA0007.jpg);\"><\/div><div class=\"et_pb_slide\" style=\"background: url(https:\/\/www.iestorreolvidada.com\/wp-content\/uploads\/2023\/11\/IMG-20231122-WA0006.jpg);\"><\/div><div class=\"et_pb_slide\" style=\"background: url(https:\/\/www.iestorreolvidada.com\/wp-content\/uploads\/2023\/11\/IMG-20231122-WA0008.jpg);\"><\/div><div class=\"et_pb_slide\" style=\"background: url(https:\/\/www.iestorreolvidada.com\/wp-content\/uploads\/2023\/11\/IMG-20231122-WA0011.jpg);\"><\/div>\n\t\t\t\t<\/div>\n\t\t\t<\/div>\n","protected":false},"excerpt":{"rendered":"<p>Nueva tertulia literaria celebrada en nuestro centro, la primera de este curso, en relaci\u00f3n con la obra Ninfa rota de Alfredo G\u00f3mez Cerd\u00e1. Contamos con la participaci\u00f3n de m\u00e1s de treinta personas entre profesorado, alumnado, padres y madres. Hemos disfrutado de la tertulia comentando los principales temas que trata el libro y aportando cada participante [&hellip;]<\/p>\n","protected":false},"author":2,"featured_media":4390,"comment_status":"open","ping_status":"open","sticky":false,"template":"","format":"standard","meta":{"_et_pb_use_builder":"","_et_pb_old_content":"","_et_gb_content_width":"","_monsterinsights_skip_tracking":false,"_monsterinsights_sitenote_active":false,"_monsterinsights_sitenote_note":"","_monsterinsights_sitenote_category":0,"_jetpack_memberships_contains_paid_content":false,"footnotes":"","jetpack_publicize_message":"","jetpack_publicize_feature_enabled":true,"jetpack_social_post_already_shared":true,"jetpack_social_options":{"image_generator_settings":{"template":"highway","default_image_id":0,"font":"","enabled":false},"version":2}},"categories":[35,13,2],"tags":[36,43],"class_list":["post-4389","post","type-post","status-publish","format-standard","has-post-thumbnail","hentry","category-biblioteca","category-lengua-castellana-noticias","category-novedades","tag-biblioteca","tag-tertulias-literarias"],"yoast_head":"<!-- This site is optimized with the Yoast SEO plugin v27.4 - https:\/\/yoast.com\/product\/yoast-seo-wordpress\/ -->\n<title>Tertulia literaria &quot;Ninfa rota&quot; - IES Torre Olvidada<\/title>\n<meta name=\"description\" content=\"tertulias literarias, ies torre olvidada, biblioteca, Ninfa rota, Alfredo G\u00f3mez, profesorado, alumnado, padres y madres\" \/>\n<meta name=\"robots\" content=\"index, follow, max-snippet:-1, max-image-preview:large, max-video-preview:-1\" \/>\n<link rel=\"canonical\" href=\"https:\/\/www.iestorreolvidada.com\/index.php\/2023\/11\/22\/tertulia-literaria-ninfa-rota\/\" \/>\n<meta property=\"og:locale\" content=\"es_ES\" \/>\n<meta property=\"og:type\" content=\"article\" \/>\n<meta property=\"og:title\" content=\"Tertulia literaria &quot;Ninfa rota&quot; - IES Torre Olvidada\" \/>\n<meta property=\"og:description\" content=\"tertulias literarias, ies torre olvidada, biblioteca, Ninfa rota, Alfredo G\u00f3mez, profesorado, alumnado, padres y madres\" \/>\n<meta property=\"og:url\" content=\"https:\/\/www.iestorreolvidada.com\/index.php\/2023\/11\/22\/tertulia-literaria-ninfa-rota\/\" \/>\n<meta property=\"og:site_name\" content=\"IES Torre Olvidada\" \/>\n<meta property=\"article:publisher\" content=\"https:\/\/www.facebook.com\/iestorreolvidada\" \/>\n<meta property=\"article:published_time\" content=\"2023-11-22T08:04:23+00:00\" \/>\n<meta property=\"og:image\" content=\"https:\/\/www.iestorreolvidada.com\/wp-content\/uploads\/2023\/11\/IMG-20231122-WA0010.jpg\" \/>\n\t<meta property=\"og:image:width\" content=\"2040\" \/>\n\t<meta property=\"og:image:height\" content=\"1536\" \/>\n\t<meta property=\"og:image:type\" content=\"image\/jpeg\" \/>\n<meta name=\"author\" content=\"IES Torre Olvidada\" \/>\n<meta name=\"twitter:card\" content=\"summary_large_image\" \/>\n<meta name=\"twitter:creator\" content=\"@torre_ies\" \/>\n<meta name=\"twitter:site\" content=\"@torre_ies\" \/>\n<meta name=\"twitter:label1\" content=\"Escrito por\" \/>\n\t<meta name=\"twitter:data1\" content=\"IES Torre Olvidada\" \/>\n\t<meta name=\"twitter:label2\" content=\"Tiempo de lectura\" \/>\n\t<meta name=\"twitter:data2\" content=\"1 minuto\" \/>\n<script type=\"application\/ld+json\" class=\"yoast-schema-graph\">{\"@context\":\"https:\\\/\\\/schema.org\",\"@graph\":[{\"@type\":\"Article\",\"@id\":\"https:\\\/\\\/www.iestorreolvidada.com\\\/index.php\\\/2023\\\/11\\\/22\\\/tertulia-literaria-ninfa-rota\\\/#article\",\"isPartOf\":{\"@id\":\"https:\\\/\\\/www.iestorreolvidada.com\\\/index.php\\\/2023\\\/11\\\/22\\\/tertulia-literaria-ninfa-rota\\\/\"},\"author\":{\"name\":\"IES Torre Olvidada\",\"@id\":\"https:\\\/\\\/www.iestorreolvidada.com\\\/#\\\/schema\\\/person\\\/d5b3d5d54511de3cc4b20440de306183\"},\"headline\":\"Tertulia literaria \u00abNinfa rota\u00bb\",\"datePublished\":\"2023-11-22T08:04:23+00:00\",\"mainEntityOfPage\":{\"@id\":\"https:\\\/\\\/www.iestorreolvidada.com\\\/index.php\\\/2023\\\/11\\\/22\\\/tertulia-literaria-ninfa-rota\\\/\"},\"wordCount\":125,\"commentCount\":0,\"publisher\":{\"@id\":\"https:\\\/\\\/www.iestorreolvidada.com\\\/#organization\"},\"image\":{\"@id\":\"https:\\\/\\\/www.iestorreolvidada.com\\\/index.php\\\/2023\\\/11\\\/22\\\/tertulia-literaria-ninfa-rota\\\/#primaryimage\"},\"thumbnailUrl\":\"https:\\\/\\\/www.iestorreolvidada.com\\\/wp-content\\\/uploads\\\/2023\\\/11\\\/IMG-20231122-WA0010.jpg\",\"keywords\":[\"Biblioteca\",\"Tertulias literarias\"],\"articleSection\":[\"Biblioteca\",\"Lengua Castellana Noticias\",\"Novedades\"],\"inLanguage\":\"es\",\"potentialAction\":[{\"@type\":\"CommentAction\",\"name\":\"Comment\",\"target\":[\"https:\\\/\\\/www.iestorreolvidada.com\\\/index.php\\\/2023\\\/11\\\/22\\\/tertulia-literaria-ninfa-rota\\\/#respond\"]}]},{\"@type\":\"WebPage\",\"@id\":\"https:\\\/\\\/www.iestorreolvidada.com\\\/index.php\\\/2023\\\/11\\\/22\\\/tertulia-literaria-ninfa-rota\\\/\",\"url\":\"https:\\\/\\\/www.iestorreolvidada.com\\\/index.php\\\/2023\\\/11\\\/22\\\/tertulia-literaria-ninfa-rota\\\/\",\"name\":\"Tertulia literaria \\\"Ninfa rota\\\" - IES Torre Olvidada\",\"isPartOf\":{\"@id\":\"https:\\\/\\\/www.iestorreolvidada.com\\\/#website\"},\"primaryImageOfPage\":{\"@id\":\"https:\\\/\\\/www.iestorreolvidada.com\\\/index.php\\\/2023\\\/11\\\/22\\\/tertulia-literaria-ninfa-rota\\\/#primaryimage\"},\"image\":{\"@id\":\"https:\\\/\\\/www.iestorreolvidada.com\\\/index.php\\\/2023\\\/11\\\/22\\\/tertulia-literaria-ninfa-rota\\\/#primaryimage\"},\"thumbnailUrl\":\"https:\\\/\\\/www.iestorreolvidada.com\\\/wp-content\\\/uploads\\\/2023\\\/11\\\/IMG-20231122-WA0010.jpg\",\"datePublished\":\"2023-11-22T08:04:23+00:00\",\"description\":\"tertulias literarias, ies torre olvidada, biblioteca, Ninfa rota, Alfredo G\u00f3mez, profesorado, alumnado, padres y madres\",\"breadcrumb\":{\"@id\":\"https:\\\/\\\/www.iestorreolvidada.com\\\/index.php\\\/2023\\\/11\\\/22\\\/tertulia-literaria-ninfa-rota\\\/#breadcrumb\"},\"inLanguage\":\"es\",\"potentialAction\":[{\"@type\":\"ReadAction\",\"target\":[\"https:\\\/\\\/www.iestorreolvidada.com\\\/index.php\\\/2023\\\/11\\\/22\\\/tertulia-literaria-ninfa-rota\\\/\"]}]},{\"@type\":\"ImageObject\",\"inLanguage\":\"es\",\"@id\":\"https:\\\/\\\/www.iestorreolvidada.com\\\/index.php\\\/2023\\\/11\\\/22\\\/tertulia-literaria-ninfa-rota\\\/#primaryimage\",\"url\":\"https:\\\/\\\/www.iestorreolvidada.com\\\/wp-content\\\/uploads\\\/2023\\\/11\\\/IMG-20231122-WA0010.jpg\",\"contentUrl\":\"https:\\\/\\\/www.iestorreolvidada.com\\\/wp-content\\\/uploads\\\/2023\\\/11\\\/IMG-20231122-WA0010.jpg\",\"width\":2040,\"height\":1536},{\"@type\":\"BreadcrumbList\",\"@id\":\"https:\\\/\\\/www.iestorreolvidada.com\\\/index.php\\\/2023\\\/11\\\/22\\\/tertulia-literaria-ninfa-rota\\\/#breadcrumb\",\"itemListElement\":[{\"@type\":\"ListItem\",\"position\":1,\"name\":\"Portada\",\"item\":\"https:\\\/\\\/www.iestorreolvidada.com\\\/\"},{\"@type\":\"ListItem\",\"position\":2,\"name\":\"Tertulia literaria \u00abNinfa rota\u00bb\"}]},{\"@type\":\"WebSite\",\"@id\":\"https:\\\/\\\/www.iestorreolvidada.com\\\/#website\",\"url\":\"https:\\\/\\\/www.iestorreolvidada.com\\\/\",\"name\":\"IES Torre Olvidada\",\"description\":\"Instituto de Ense\u00f1anza Secundaria - Torredelcampo\",\"publisher\":{\"@id\":\"https:\\\/\\\/www.iestorreolvidada.com\\\/#organization\"},\"potentialAction\":[{\"@type\":\"SearchAction\",\"target\":{\"@type\":\"EntryPoint\",\"urlTemplate\":\"https:\\\/\\\/www.iestorreolvidada.com\\\/?s={search_term_string}\"},\"query-input\":{\"@type\":\"PropertyValueSpecification\",\"valueRequired\":true,\"valueName\":\"search_term_string\"}}],\"inLanguage\":\"es\"},{\"@type\":\"Organization\",\"@id\":\"https:\\\/\\\/www.iestorreolvidada.com\\\/#organization\",\"name\":\"IES Torre Olvidada\",\"url\":\"https:\\\/\\\/www.iestorreolvidada.com\\\/\",\"logo\":{\"@type\":\"ImageObject\",\"inLanguage\":\"es\",\"@id\":\"https:\\\/\\\/www.iestorreolvidada.com\\\/#\\\/schema\\\/logo\\\/image\\\/\",\"url\":\"https:\\\/\\\/i0.wp.com\\\/www.iestorreolvidada.com\\\/wp-content\\\/uploads\\\/2023\\\/02\\\/LOGO-IES_antiguo-2.jpg?fit=1819%2C2002&ssl=1\",\"contentUrl\":\"https:\\\/\\\/i0.wp.com\\\/www.iestorreolvidada.com\\\/wp-content\\\/uploads\\\/2023\\\/02\\\/LOGO-IES_antiguo-2.jpg?fit=1819%2C2002&ssl=1\",\"width\":1819,\"height\":2002,\"caption\":\"IES Torre Olvidada\"},\"image\":{\"@id\":\"https:\\\/\\\/www.iestorreolvidada.com\\\/#\\\/schema\\\/logo\\\/image\\\/\"},\"sameAs\":[\"https:\\\/\\\/www.facebook.com\\\/iestorreolvidada\",\"https:\\\/\\\/x.com\\\/torre_ies\",\"https:\\\/\\\/www.instagram.com\\\/ies_torre_olvidada\\\/?hl=es\"]},{\"@type\":\"Person\",\"@id\":\"https:\\\/\\\/www.iestorreolvidada.com\\\/#\\\/schema\\\/person\\\/d5b3d5d54511de3cc4b20440de306183\",\"name\":\"IES Torre Olvidada\",\"image\":{\"@type\":\"ImageObject\",\"inLanguage\":\"es\",\"@id\":\"https:\\\/\\\/secure.gravatar.com\\\/avatar\\\/97634abbab78eb99a51cdc7b71ef263856b45acddbb79c08da9aa97d8ecd37ee?s=96&d=mm&r=g\",\"url\":\"https:\\\/\\\/secure.gravatar.com\\\/avatar\\\/97634abbab78eb99a51cdc7b71ef263856b45acddbb79c08da9aa97d8ecd37ee?s=96&d=mm&r=g\",\"contentUrl\":\"https:\\\/\\\/secure.gravatar.com\\\/avatar\\\/97634abbab78eb99a51cdc7b71ef263856b45acddbb79c08da9aa97d8ecd37ee?s=96&d=mm&r=g\",\"caption\":\"IES Torre Olvidada\"},\"url\":\"https:\\\/\\\/www.iestorreolvidada.com\\\/index.php\\\/author\\\/comunicacion_trrolvdd\\\/\"}]}<\/script>\n<!-- \/ Yoast SEO plugin. -->","yoast_head_json":{"title":"Tertulia literaria \"Ninfa rota\" - IES Torre Olvidada","description":"tertulias literarias, ies torre olvidada, biblioteca, Ninfa rota, Alfredo G\u00f3mez, profesorado, alumnado, padres y madres","robots":{"index":"index","follow":"follow","max-snippet":"max-snippet:-1","max-image-preview":"max-image-preview:large","max-video-preview":"max-video-preview:-1"},"canonical":"https:\/\/www.iestorreolvidada.com\/index.php\/2023\/11\/22\/tertulia-literaria-ninfa-rota\/","og_locale":"es_ES","og_type":"article","og_title":"Tertulia literaria \"Ninfa rota\" - IES Torre Olvidada","og_description":"tertulias literarias, ies torre olvidada, biblioteca, Ninfa rota, Alfredo G\u00f3mez, profesorado, alumnado, padres y madres","og_url":"https:\/\/www.iestorreolvidada.com\/index.php\/2023\/11\/22\/tertulia-literaria-ninfa-rota\/","og_site_name":"IES Torre Olvidada","article_publisher":"https:\/\/www.facebook.com\/iestorreolvidada","article_published_time":"2023-11-22T08:04:23+00:00","og_image":[{"width":2040,"height":1536,"url":"https:\/\/www.iestorreolvidada.com\/wp-content\/uploads\/2023\/11\/IMG-20231122-WA0010.jpg","type":"image\/jpeg"}],"author":"IES Torre Olvidada","twitter_card":"summary_large_image","twitter_creator":"@torre_ies","twitter_site":"@torre_ies","twitter_misc":{"Escrito por":"IES Torre Olvidada","Tiempo de lectura":"1 minuto"},"schema":{"@context":"https:\/\/schema.org","@graph":[{"@type":"Article","@id":"https:\/\/www.iestorreolvidada.com\/index.php\/2023\/11\/22\/tertulia-literaria-ninfa-rota\/#article","isPartOf":{"@id":"https:\/\/www.iestorreolvidada.com\/index.php\/2023\/11\/22\/tertulia-literaria-ninfa-rota\/"},"author":{"name":"IES Torre Olvidada","@id":"https:\/\/www.iestorreolvidada.com\/#\/schema\/person\/d5b3d5d54511de3cc4b20440de306183"},"headline":"Tertulia literaria \u00abNinfa rota\u00bb","datePublished":"2023-11-22T08:04:23+00:00","mainEntityOfPage":{"@id":"https:\/\/www.iestorreolvidada.com\/index.php\/2023\/11\/22\/tertulia-literaria-ninfa-rota\/"},"wordCount":125,"commentCount":0,"publisher":{"@id":"https:\/\/www.iestorreolvidada.com\/#organization"},"image":{"@id":"https:\/\/www.iestorreolvidada.com\/index.php\/2023\/11\/22\/tertulia-literaria-ninfa-rota\/#primaryimage"},"thumbnailUrl":"https:\/\/www.iestorreolvidada.com\/wp-content\/uploads\/2023\/11\/IMG-20231122-WA0010.jpg","keywords":["Biblioteca","Tertulias literarias"],"articleSection":["Biblioteca","Lengua Castellana Noticias","Novedades"],"inLanguage":"es","potentialAction":[{"@type":"CommentAction","name":"Comment","target":["https:\/\/www.iestorreolvidada.com\/index.php\/2023\/11\/22\/tertulia-literaria-ninfa-rota\/#respond"]}]},{"@type":"WebPage","@id":"https:\/\/www.iestorreolvidada.com\/index.php\/2023\/11\/22\/tertulia-literaria-ninfa-rota\/","url":"https:\/\/www.iestorreolvidada.com\/index.php\/2023\/11\/22\/tertulia-literaria-ninfa-rota\/","name":"Tertulia literaria \"Ninfa rota\" - IES Torre Olvidada","isPartOf":{"@id":"https:\/\/www.iestorreolvidada.com\/#website"},"primaryImageOfPage":{"@id":"https:\/\/www.iestorreolvidada.com\/index.php\/2023\/11\/22\/tertulia-literaria-ninfa-rota\/#primaryimage"},"image":{"@id":"https:\/\/www.iestorreolvidada.com\/index.php\/2023\/11\/22\/tertulia-literaria-ninfa-rota\/#primaryimage"},"thumbnailUrl":"https:\/\/www.iestorreolvidada.com\/wp-content\/uploads\/2023\/11\/IMG-20231122-WA0010.jpg","datePublished":"2023-11-22T08:04:23+00:00","description":"tertulias literarias, ies torre olvidada, biblioteca, Ninfa rota, Alfredo G\u00f3mez, profesorado, alumnado, padres y madres","breadcrumb":{"@id":"https:\/\/www.iestorreolvidada.com\/index.php\/2023\/11\/22\/tertulia-literaria-ninfa-rota\/#breadcrumb"},"inLanguage":"es","potentialAction":[{"@type":"ReadAction","target":["https:\/\/www.iestorreolvidada.com\/index.php\/2023\/11\/22\/tertulia-literaria-ninfa-rota\/"]}]},{"@type":"ImageObject","inLanguage":"es","@id":"https:\/\/www.iestorreolvidada.com\/index.php\/2023\/11\/22\/tertulia-literaria-ninfa-rota\/#primaryimage","url":"https:\/\/www.iestorreolvidada.com\/wp-content\/uploads\/2023\/11\/IMG-20231122-WA0010.jpg","contentUrl":"https:\/\/www.iestorreolvidada.com\/wp-content\/uploads\/2023\/11\/IMG-20231122-WA0010.jpg","width":2040,"height":1536},{"@type":"BreadcrumbList","@id":"https:\/\/www.iestorreolvidada.com\/index.php\/2023\/11\/22\/tertulia-literaria-ninfa-rota\/#breadcrumb","itemListElement":[{"@type":"ListItem","position":1,"name":"Portada","item":"https:\/\/www.iestorreolvidada.com\/"},{"@type":"ListItem","position":2,"name":"Tertulia literaria \u00abNinfa rota\u00bb"}]},{"@type":"WebSite","@id":"https:\/\/www.iestorreolvidada.com\/#website","url":"https:\/\/www.iestorreolvidada.com\/","name":"IES Torre Olvidada","description":"Instituto de Ense\u00f1anza Secundaria - Torredelcampo","publisher":{"@id":"https:\/\/www.iestorreolvidada.com\/#organization"},"potentialAction":[{"@type":"SearchAction","target":{"@type":"EntryPoint","urlTemplate":"https:\/\/www.iestorreolvidada.com\/?s={search_term_string}"},"query-input":{"@type":"PropertyValueSpecification","valueRequired":true,"valueName":"search_term_string"}}],"inLanguage":"es"},{"@type":"Organization","@id":"https:\/\/www.iestorreolvidada.com\/#organization","name":"IES Torre Olvidada","url":"https:\/\/www.iestorreolvidada.com\/","logo":{"@type":"ImageObject","inLanguage":"es","@id":"https:\/\/www.iestorreolvidada.com\/#\/schema\/logo\/image\/","url":"https:\/\/i0.wp.com\/www.iestorreolvidada.com\/wp-content\/uploads\/2023\/02\/LOGO-IES_antiguo-2.jpg?fit=1819%2C2002&ssl=1","contentUrl":"https:\/\/i0.wp.com\/www.iestorreolvidada.com\/wp-content\/uploads\/2023\/02\/LOGO-IES_antiguo-2.jpg?fit=1819%2C2002&ssl=1","width":1819,"height":2002,"caption":"IES Torre Olvidada"},"image":{"@id":"https:\/\/www.iestorreolvidada.com\/#\/schema\/logo\/image\/"},"sameAs":["https:\/\/www.facebook.com\/iestorreolvidada","https:\/\/x.com\/torre_ies","https:\/\/www.instagram.com\/ies_torre_olvidada\/?hl=es"]},{"@type":"Person","@id":"https:\/\/www.iestorreolvidada.com\/#\/schema\/person\/d5b3d5d54511de3cc4b20440de306183","name":"IES Torre Olvidada","image":{"@type":"ImageObject","inLanguage":"es","@id":"https:\/\/secure.gravatar.com\/avatar\/97634abbab78eb99a51cdc7b71ef263856b45acddbb79c08da9aa97d8ecd37ee?s=96&d=mm&r=g","url":"https:\/\/secure.gravatar.com\/avatar\/97634abbab78eb99a51cdc7b71ef263856b45acddbb79c08da9aa97d8ecd37ee?s=96&d=mm&r=g","contentUrl":"https:\/\/secure.gravatar.com\/avatar\/97634abbab78eb99a51cdc7b71ef263856b45acddbb79c08da9aa97d8ecd37ee?s=96&d=mm&r=g","caption":"IES Torre Olvidada"},"url":"https:\/\/www.iestorreolvidada.com\/index.php\/author\/comunicacion_trrolvdd\/"}]}},"jetpack_publicize_connections":[],"jetpack_featured_media_url":"https:\/\/www.iestorreolvidada.com\/wp-content\/uploads\/2023\/11\/IMG-20231122-WA0010.jpg","jetpack-related-posts":[],"jetpack_shortlink":"https:\/\/wp.me\/pemPlE-18N","jetpack_sharing_enabled":true,"_links":{"self":[{"href":"https:\/\/www.iestorreolvidada.com\/index.php\/wp-json\/wp\/v2\/posts\/4389","targetHints":{"allow":["GET"]}}],"collection":[{"href":"https:\/\/www.iestorreolvidada.com\/index.php\/wp-json\/wp\/v2\/posts"}],"about":[{"href":"https:\/\/www.iestorreolvidada.com\/index.php\/wp-json\/wp\/v2\/types\/post"}],"author":[{"embeddable":true,"href":"https:\/\/www.iestorreolvidada.com\/index.php\/wp-json\/wp\/v2\/users\/2"}],"replies":[{"embeddable":true,"href":"https:\/\/www.iestorreolvidada.com\/index.php\/wp-json\/wp\/v2\/comments?post=4389"}],"version-history":[{"count":1,"href":"https:\/\/www.iestorreolvidada.com\/index.php\/wp-json\/wp\/v2\/posts\/4389\/revisions"}],"predecessor-version":[{"id":4401,"href":"https:\/\/www.iestorreolvidada.com\/index.php\/wp-json\/wp\/v2\/posts\/4389\/revisions\/4401"}],"wp:featuredmedia":[{"embeddable":true,"href":"https:\/\/www.iestorreolvidada.com\/index.php\/wp-json\/wp\/v2\/media\/4390"}],"wp:attachment":[{"href":"https:\/\/www.iestorreolvidada.com\/index.php\/wp-json\/wp\/v2\/media?parent=4389"}],"wp:term":[{"taxonomy":"category","embeddable":true,"href":"https:\/\/www.iestorreolvidada.com\/index.php\/wp-json\/wp\/v2\/categories?post=4389"},{"taxonomy":"post_tag","embeddable":true,"href":"https:\/\/www.iestorreolvidada.com\/index.php\/wp-json\/wp\/v2\/tags?post=4389"}],"curies":[{"name":"wp","href":"https:\/\/api.w.org\/{rel}","templated":true}]}}