{"id":4403,"date":"2023-11-29T11:27:57","date_gmt":"2023-11-29T11:27:57","guid":{"rendered":"https:\/\/www.iestorreolvidada.com\/?p=4403"},"modified":"2023-11-29T11:32:31","modified_gmt":"2023-11-29T11:32:31","slug":"formacion-aprendizaje-cooperativo","status":"publish","type":"post","link":"https:\/\/www.iestorreolvidada.com\/index.php\/2023\/11\/29\/formacion-aprendizaje-cooperativo\/","title":{"rendered":"Formaci\u00f3n aprendizaje cooperativo"},"content":{"rendered":"<p>Hoy hemos celebrado en nuestro centro la primera sesi\u00f3n de nuestra formaci\u00f3n en aprendizaje cooperativo.<\/p>\n<p>Una sesi\u00f3n muy productiva y amena llevada a cabo por los expertos en cooperativo Marta y Rafa.<\/p>\n<p>Hemos aprendido much\u00edsimo de estos dos compa\u00f1eros: la necesidad de realizar din\u00e1micas de cohesi\u00f3n de grupo habitualmente, c\u00f3mo formar los grupos cooperativos y c\u00f3mo implementar en el aula algunas de las t\u00e9cnicas principales.<\/p>\n<p>Nos proponemos as\u00ed mejorar nuestras competencias docentes y profundizar en esta metodolog\u00eda que tanta relevancia ha cobrado los \u00faltimos a\u00f1os, m\u00e1s a\u00fan con la implantaci\u00f3n de la LOMLOE. Adem\u00e1s, el trabajo cooperativo en el aula aporta muchos beneficios al alumnado: mejora las competencias sociales, desarrolla la competencia ling\u00fc\u00edstica, el pensamiento l\u00f3gico y la resoluci\u00f3n de problemas, etc.<\/p>\n<p>Estamos deseando que llegue la segunda sesi\u00f3n para continuar aprendiendo y disfrutando con Marta y Rafa.<\/p>\n<p>Agradecemos tambi\u00e9n a nuestra asesora del CEP de Ja\u00e9n, Juana, por su organizaci\u00f3n y colaboraci\u00f3n con nuestro centro.<\/p>\n<p><a href=\"https:\/\/www.juntadeandalucia.es\/educacion\/portals\/web\/cep-jaen\">CEP JA\u00c9N<\/a><\/p>\n<p><a href=\"https:\/\/horadepatio.com\/\">Rafa Alem\u00e1n<\/a><\/p>\n<p>&nbsp;<\/p>\n<div class=\"et_pb_slider et_pb_slider_fullwidth_off et_pb_gallery_post_type\">\n\t\t\t\t<div class=\"et_pb_slides\">\n\t\t\t\t\t<div class=\"et_pb_slide\" style=\"background: url(https:\/\/www.iestorreolvidada.com\/wp-content\/uploads\/2023\/11\/Cooperativo-S1-1.jpg);\"><\/div><div class=\"et_pb_slide\" style=\"background: url(https:\/\/www.iestorreolvidada.com\/wp-content\/uploads\/2023\/11\/Cooperativo-S1-2.jpg);\"><\/div><div class=\"et_pb_slide\" style=\"background: url(https:\/\/www.iestorreolvidada.com\/wp-content\/uploads\/2023\/11\/Cooperativo-S1-3.jpg);\"><\/div><div class=\"et_pb_slide\" style=\"background: url(https:\/\/www.iestorreolvidada.com\/wp-content\/uploads\/2023\/11\/Cooperativo-S1-4.jpg);\"><\/div>\n\t\t\t\t<\/div>\n\t\t\t<\/div>\n","protected":false},"excerpt":{"rendered":"<p>Hoy hemos celebrado en nuestro centro la primera sesi\u00f3n de nuestra formaci\u00f3n en aprendizaje cooperativo. Una sesi\u00f3n muy productiva y amena llevada a cabo por los expertos en cooperativo Marta y Rafa. Hemos aprendido much\u00edsimo de estos dos compa\u00f1eros: la necesidad de realizar din\u00e1micas de cohesi\u00f3n de grupo habitualmente, c\u00f3mo formar los grupos cooperativos y [&hellip;]<\/p>\n","protected":false},"author":2,"featured_media":4408,"comment_status":"open","ping_status":"open","sticky":false,"template":"","format":"standard","meta":{"_et_pb_use_builder":"","_et_pb_old_content":"","_et_gb_content_width":"","_monsterinsights_skip_tracking":false,"_monsterinsights_sitenote_active":false,"_monsterinsights_sitenote_note":"","_monsterinsights_sitenote_category":0,"_jetpack_memberships_contains_paid_content":false,"footnotes":"","jetpack_publicize_message":"","jetpack_publicize_feature_enabled":true,"jetpack_social_post_already_shared":true,"jetpack_social_options":{"image_generator_settings":{"template":"highway","default_image_id":0,"font":"","enabled":false},"version":2}},"categories":[44,2],"tags":[46,45,3],"class_list":["post-4403","post","type-post","status-publish","format-standard","has-post-thumbnail","hentry","category-formacion","category-novedades","tag-aprendizaje-cooperativo","tag-formacion-profesorado","tag-profesorado"],"yoast_head":"<!-- This site is optimized with the Yoast SEO plugin v27.4 - https:\/\/yoast.com\/product\/yoast-seo-wordpress\/ -->\n<title>Formaci\u00f3n aprendizaje cooperativo - IES Torre Olvidada<\/title>\n<meta name=\"description\" content=\"aprendizaje cooperativo, formaci\u00f3n CEP Ja\u00e9n, profesorado torre olvidada, mejora competencias docentes, t\u00e9cnicas de aprendizaje cooperativo\" \/>\n<meta name=\"robots\" content=\"index, follow, max-snippet:-1, max-image-preview:large, max-video-preview:-1\" \/>\n<link rel=\"canonical\" href=\"https:\/\/www.iestorreolvidada.com\/index.php\/2023\/11\/29\/formacion-aprendizaje-cooperativo\/\" \/>\n<meta property=\"og:locale\" content=\"es_ES\" \/>\n<meta property=\"og:type\" content=\"article\" \/>\n<meta property=\"og:title\" content=\"Formaci\u00f3n aprendizaje cooperativo - IES Torre Olvidada\" \/>\n<meta property=\"og:description\" content=\"aprendizaje cooperativo, formaci\u00f3n CEP Ja\u00e9n, profesorado torre olvidada, mejora competencias docentes, t\u00e9cnicas de aprendizaje cooperativo\" \/>\n<meta property=\"og:url\" content=\"https:\/\/www.iestorreolvidada.com\/index.php\/2023\/11\/29\/formacion-aprendizaje-cooperativo\/\" \/>\n<meta property=\"og:site_name\" content=\"IES Torre Olvidada\" \/>\n<meta property=\"article:publisher\" content=\"https:\/\/www.facebook.com\/iestorreolvidada\" \/>\n<meta property=\"article:published_time\" content=\"2023-11-29T11:27:57+00:00\" \/>\n<meta property=\"article:modified_time\" content=\"2023-11-29T11:32:31+00:00\" \/>\n<meta property=\"og:image\" content=\"https:\/\/www.iestorreolvidada.com\/wp-content\/uploads\/2023\/11\/cooperativo.jpg\" \/>\n\t<meta property=\"og:image:width\" content=\"640\" \/>\n\t<meta property=\"og:image:height\" content=\"427\" \/>\n\t<meta property=\"og:image:type\" content=\"image\/jpeg\" \/>\n<meta name=\"author\" content=\"IES Torre Olvidada\" \/>\n<meta name=\"twitter:card\" content=\"summary_large_image\" \/>\n<meta name=\"twitter:creator\" content=\"@torre_ies\" \/>\n<meta name=\"twitter:site\" content=\"@torre_ies\" \/>\n<meta name=\"twitter:label1\" content=\"Escrito por\" \/>\n\t<meta name=\"twitter:data1\" content=\"IES Torre Olvidada\" \/>\n\t<meta name=\"twitter:label2\" content=\"Tiempo de lectura\" \/>\n\t<meta name=\"twitter:data2\" content=\"1 minuto\" \/>\n<script type=\"application\/ld+json\" class=\"yoast-schema-graph\">{\"@context\":\"https:\\\/\\\/schema.org\",\"@graph\":[{\"@type\":\"Article\",\"@id\":\"https:\\\/\\\/www.iestorreolvidada.com\\\/index.php\\\/2023\\\/11\\\/29\\\/formacion-aprendizaje-cooperativo\\\/#article\",\"isPartOf\":{\"@id\":\"https:\\\/\\\/www.iestorreolvidada.com\\\/index.php\\\/2023\\\/11\\\/29\\\/formacion-aprendizaje-cooperativo\\\/\"},\"author\":{\"name\":\"IES Torre Olvidada\",\"@id\":\"https:\\\/\\\/www.iestorreolvidada.com\\\/#\\\/schema\\\/person\\\/d5b3d5d54511de3cc4b20440de306183\"},\"headline\":\"Formaci\u00f3n aprendizaje cooperativo\",\"datePublished\":\"2023-11-29T11:27:57+00:00\",\"dateModified\":\"2023-11-29T11:32:31+00:00\",\"mainEntityOfPage\":{\"@id\":\"https:\\\/\\\/www.iestorreolvidada.com\\\/index.php\\\/2023\\\/11\\\/29\\\/formacion-aprendizaje-cooperativo\\\/\"},\"wordCount\":194,\"commentCount\":0,\"publisher\":{\"@id\":\"https:\\\/\\\/www.iestorreolvidada.com\\\/#organization\"},\"image\":{\"@id\":\"https:\\\/\\\/www.iestorreolvidada.com\\\/index.php\\\/2023\\\/11\\\/29\\\/formacion-aprendizaje-cooperativo\\\/#primaryimage\"},\"thumbnailUrl\":\"https:\\\/\\\/www.iestorreolvidada.com\\\/wp-content\\\/uploads\\\/2023\\\/11\\\/cooperativo.jpg\",\"keywords\":[\"Aprendizaje cooperativo\",\"Formaci\u00f3n profesorado\",\"Profesorado\"],\"articleSection\":[\"Formaci\u00f3n\",\"Novedades\"],\"inLanguage\":\"es\",\"potentialAction\":[{\"@type\":\"CommentAction\",\"name\":\"Comment\",\"target\":[\"https:\\\/\\\/www.iestorreolvidada.com\\\/index.php\\\/2023\\\/11\\\/29\\\/formacion-aprendizaje-cooperativo\\\/#respond\"]}]},{\"@type\":\"WebPage\",\"@id\":\"https:\\\/\\\/www.iestorreolvidada.com\\\/index.php\\\/2023\\\/11\\\/29\\\/formacion-aprendizaje-cooperativo\\\/\",\"url\":\"https:\\\/\\\/www.iestorreolvidada.com\\\/index.php\\\/2023\\\/11\\\/29\\\/formacion-aprendizaje-cooperativo\\\/\",\"name\":\"Formaci\u00f3n aprendizaje cooperativo - IES Torre Olvidada\",\"isPartOf\":{\"@id\":\"https:\\\/\\\/www.iestorreolvidada.com\\\/#website\"},\"primaryImageOfPage\":{\"@id\":\"https:\\\/\\\/www.iestorreolvidada.com\\\/index.php\\\/2023\\\/11\\\/29\\\/formacion-aprendizaje-cooperativo\\\/#primaryimage\"},\"image\":{\"@id\":\"https:\\\/\\\/www.iestorreolvidada.com\\\/index.php\\\/2023\\\/11\\\/29\\\/formacion-aprendizaje-cooperativo\\\/#primaryimage\"},\"thumbnailUrl\":\"https:\\\/\\\/www.iestorreolvidada.com\\\/wp-content\\\/uploads\\\/2023\\\/11\\\/cooperativo.jpg\",\"datePublished\":\"2023-11-29T11:27:57+00:00\",\"dateModified\":\"2023-11-29T11:32:31+00:00\",\"description\":\"aprendizaje cooperativo, formaci\u00f3n CEP Ja\u00e9n, profesorado torre olvidada, mejora competencias docentes, t\u00e9cnicas de aprendizaje cooperativo\",\"breadcrumb\":{\"@id\":\"https:\\\/\\\/www.iestorreolvidada.com\\\/index.php\\\/2023\\\/11\\\/29\\\/formacion-aprendizaje-cooperativo\\\/#breadcrumb\"},\"inLanguage\":\"es\",\"potentialAction\":[{\"@type\":\"ReadAction\",\"target\":[\"https:\\\/\\\/www.iestorreolvidada.com\\\/index.php\\\/2023\\\/11\\\/29\\\/formacion-aprendizaje-cooperativo\\\/\"]}]},{\"@type\":\"ImageObject\",\"inLanguage\":\"es\",\"@id\":\"https:\\\/\\\/www.iestorreolvidada.com\\\/index.php\\\/2023\\\/11\\\/29\\\/formacion-aprendizaje-cooperativo\\\/#primaryimage\",\"url\":\"https:\\\/\\\/www.iestorreolvidada.com\\\/wp-content\\\/uploads\\\/2023\\\/11\\\/cooperativo.jpg\",\"contentUrl\":\"https:\\\/\\\/www.iestorreolvidada.com\\\/wp-content\\\/uploads\\\/2023\\\/11\\\/cooperativo.jpg\",\"width\":640,\"height\":427},{\"@type\":\"BreadcrumbList\",\"@id\":\"https:\\\/\\\/www.iestorreolvidada.com\\\/index.php\\\/2023\\\/11\\\/29\\\/formacion-aprendizaje-cooperativo\\\/#breadcrumb\",\"itemListElement\":[{\"@type\":\"ListItem\",\"position\":1,\"name\":\"Portada\",\"item\":\"https:\\\/\\\/www.iestorreolvidada.com\\\/\"},{\"@type\":\"ListItem\",\"position\":2,\"name\":\"Formaci\u00f3n aprendizaje cooperativo\"}]},{\"@type\":\"WebSite\",\"@id\":\"https:\\\/\\\/www.iestorreolvidada.com\\\/#website\",\"url\":\"https:\\\/\\\/www.iestorreolvidada.com\\\/\",\"name\":\"IES Torre Olvidada\",\"description\":\"Instituto de Ense\u00f1anza Secundaria - Torredelcampo\",\"publisher\":{\"@id\":\"https:\\\/\\\/www.iestorreolvidada.com\\\/#organization\"},\"potentialAction\":[{\"@type\":\"SearchAction\",\"target\":{\"@type\":\"EntryPoint\",\"urlTemplate\":\"https:\\\/\\\/www.iestorreolvidada.com\\\/?s={search_term_string}\"},\"query-input\":{\"@type\":\"PropertyValueSpecification\",\"valueRequired\":true,\"valueName\":\"search_term_string\"}}],\"inLanguage\":\"es\"},{\"@type\":\"Organization\",\"@id\":\"https:\\\/\\\/www.iestorreolvidada.com\\\/#organization\",\"name\":\"IES Torre Olvidada\",\"url\":\"https:\\\/\\\/www.iestorreolvidada.com\\\/\",\"logo\":{\"@type\":\"ImageObject\",\"inLanguage\":\"es\",\"@id\":\"https:\\\/\\\/www.iestorreolvidada.com\\\/#\\\/schema\\\/logo\\\/image\\\/\",\"url\":\"https:\\\/\\\/i0.wp.com\\\/www.iestorreolvidada.com\\\/wp-content\\\/uploads\\\/2023\\\/02\\\/LOGO-IES_antiguo-2.jpg?fit=1819%2C2002&ssl=1\",\"contentUrl\":\"https:\\\/\\\/i0.wp.com\\\/www.iestorreolvidada.com\\\/wp-content\\\/uploads\\\/2023\\\/02\\\/LOGO-IES_antiguo-2.jpg?fit=1819%2C2002&ssl=1\",\"width\":1819,\"height\":2002,\"caption\":\"IES Torre Olvidada\"},\"image\":{\"@id\":\"https:\\\/\\\/www.iestorreolvidada.com\\\/#\\\/schema\\\/logo\\\/image\\\/\"},\"sameAs\":[\"https:\\\/\\\/www.facebook.com\\\/iestorreolvidada\",\"https:\\\/\\\/x.com\\\/torre_ies\",\"https:\\\/\\\/www.instagram.com\\\/ies_torre_olvidada\\\/?hl=es\"]},{\"@type\":\"Person\",\"@id\":\"https:\\\/\\\/www.iestorreolvidada.com\\\/#\\\/schema\\\/person\\\/d5b3d5d54511de3cc4b20440de306183\",\"name\":\"IES Torre Olvidada\",\"image\":{\"@type\":\"ImageObject\",\"inLanguage\":\"es\",\"@id\":\"https:\\\/\\\/secure.gravatar.com\\\/avatar\\\/97634abbab78eb99a51cdc7b71ef263856b45acddbb79c08da9aa97d8ecd37ee?s=96&d=mm&r=g\",\"url\":\"https:\\\/\\\/secure.gravatar.com\\\/avatar\\\/97634abbab78eb99a51cdc7b71ef263856b45acddbb79c08da9aa97d8ecd37ee?s=96&d=mm&r=g\",\"contentUrl\":\"https:\\\/\\\/secure.gravatar.com\\\/avatar\\\/97634abbab78eb99a51cdc7b71ef263856b45acddbb79c08da9aa97d8ecd37ee?s=96&d=mm&r=g\",\"caption\":\"IES Torre Olvidada\"},\"url\":\"https:\\\/\\\/www.iestorreolvidada.com\\\/index.php\\\/author\\\/comunicacion_trrolvdd\\\/\"}]}<\/script>\n<!-- \/ Yoast SEO plugin. -->","yoast_head_json":{"title":"Formaci\u00f3n aprendizaje cooperativo - IES Torre Olvidada","description":"aprendizaje cooperativo, formaci\u00f3n CEP Ja\u00e9n, profesorado torre olvidada, mejora competencias docentes, t\u00e9cnicas de aprendizaje cooperativo","robots":{"index":"index","follow":"follow","max-snippet":"max-snippet:-1","max-image-preview":"max-image-preview:large","max-video-preview":"max-video-preview:-1"},"canonical":"https:\/\/www.iestorreolvidada.com\/index.php\/2023\/11\/29\/formacion-aprendizaje-cooperativo\/","og_locale":"es_ES","og_type":"article","og_title":"Formaci\u00f3n aprendizaje cooperativo - IES Torre Olvidada","og_description":"aprendizaje cooperativo, formaci\u00f3n CEP Ja\u00e9n, profesorado torre olvidada, mejora competencias docentes, t\u00e9cnicas de aprendizaje cooperativo","og_url":"https:\/\/www.iestorreolvidada.com\/index.php\/2023\/11\/29\/formacion-aprendizaje-cooperativo\/","og_site_name":"IES Torre Olvidada","article_publisher":"https:\/\/www.facebook.com\/iestorreolvidada","article_published_time":"2023-11-29T11:27:57+00:00","article_modified_time":"2023-11-29T11:32:31+00:00","og_image":[{"width":640,"height":427,"url":"https:\/\/www.iestorreolvidada.com\/wp-content\/uploads\/2023\/11\/cooperativo.jpg","type":"image\/jpeg"}],"author":"IES Torre Olvidada","twitter_card":"summary_large_image","twitter_creator":"@torre_ies","twitter_site":"@torre_ies","twitter_misc":{"Escrito por":"IES Torre Olvidada","Tiempo de lectura":"1 minuto"},"schema":{"@context":"https:\/\/schema.org","@graph":[{"@type":"Article","@id":"https:\/\/www.iestorreolvidada.com\/index.php\/2023\/11\/29\/formacion-aprendizaje-cooperativo\/#article","isPartOf":{"@id":"https:\/\/www.iestorreolvidada.com\/index.php\/2023\/11\/29\/formacion-aprendizaje-cooperativo\/"},"author":{"name":"IES Torre Olvidada","@id":"https:\/\/www.iestorreolvidada.com\/#\/schema\/person\/d5b3d5d54511de3cc4b20440de306183"},"headline":"Formaci\u00f3n aprendizaje cooperativo","datePublished":"2023-11-29T11:27:57+00:00","dateModified":"2023-11-29T11:32:31+00:00","mainEntityOfPage":{"@id":"https:\/\/www.iestorreolvidada.com\/index.php\/2023\/11\/29\/formacion-aprendizaje-cooperativo\/"},"wordCount":194,"commentCount":0,"publisher":{"@id":"https:\/\/www.iestorreolvidada.com\/#organization"},"image":{"@id":"https:\/\/www.iestorreolvidada.com\/index.php\/2023\/11\/29\/formacion-aprendizaje-cooperativo\/#primaryimage"},"thumbnailUrl":"https:\/\/www.iestorreolvidada.com\/wp-content\/uploads\/2023\/11\/cooperativo.jpg","keywords":["Aprendizaje cooperativo","Formaci\u00f3n profesorado","Profesorado"],"articleSection":["Formaci\u00f3n","Novedades"],"inLanguage":"es","potentialAction":[{"@type":"CommentAction","name":"Comment","target":["https:\/\/www.iestorreolvidada.com\/index.php\/2023\/11\/29\/formacion-aprendizaje-cooperativo\/#respond"]}]},{"@type":"WebPage","@id":"https:\/\/www.iestorreolvidada.com\/index.php\/2023\/11\/29\/formacion-aprendizaje-cooperativo\/","url":"https:\/\/www.iestorreolvidada.com\/index.php\/2023\/11\/29\/formacion-aprendizaje-cooperativo\/","name":"Formaci\u00f3n aprendizaje cooperativo - IES Torre Olvidada","isPartOf":{"@id":"https:\/\/www.iestorreolvidada.com\/#website"},"primaryImageOfPage":{"@id":"https:\/\/www.iestorreolvidada.com\/index.php\/2023\/11\/29\/formacion-aprendizaje-cooperativo\/#primaryimage"},"image":{"@id":"https:\/\/www.iestorreolvidada.com\/index.php\/2023\/11\/29\/formacion-aprendizaje-cooperativo\/#primaryimage"},"thumbnailUrl":"https:\/\/www.iestorreolvidada.com\/wp-content\/uploads\/2023\/11\/cooperativo.jpg","datePublished":"2023-11-29T11:27:57+00:00","dateModified":"2023-11-29T11:32:31+00:00","description":"aprendizaje cooperativo, formaci\u00f3n CEP Ja\u00e9n, profesorado torre olvidada, mejora competencias docentes, t\u00e9cnicas de aprendizaje cooperativo","breadcrumb":{"@id":"https:\/\/www.iestorreolvidada.com\/index.php\/2023\/11\/29\/formacion-aprendizaje-cooperativo\/#breadcrumb"},"inLanguage":"es","potentialAction":[{"@type":"ReadAction","target":["https:\/\/www.iestorreolvidada.com\/index.php\/2023\/11\/29\/formacion-aprendizaje-cooperativo\/"]}]},{"@type":"ImageObject","inLanguage":"es","@id":"https:\/\/www.iestorreolvidada.com\/index.php\/2023\/11\/29\/formacion-aprendizaje-cooperativo\/#primaryimage","url":"https:\/\/www.iestorreolvidada.com\/wp-content\/uploads\/2023\/11\/cooperativo.jpg","contentUrl":"https:\/\/www.iestorreolvidada.com\/wp-content\/uploads\/2023\/11\/cooperativo.jpg","width":640,"height":427},{"@type":"BreadcrumbList","@id":"https:\/\/www.iestorreolvidada.com\/index.php\/2023\/11\/29\/formacion-aprendizaje-cooperativo\/#breadcrumb","itemListElement":[{"@type":"ListItem","position":1,"name":"Portada","item":"https:\/\/www.iestorreolvidada.com\/"},{"@type":"ListItem","position":2,"name":"Formaci\u00f3n aprendizaje cooperativo"}]},{"@type":"WebSite","@id":"https:\/\/www.iestorreolvidada.com\/#website","url":"https:\/\/www.iestorreolvidada.com\/","name":"IES Torre Olvidada","description":"Instituto de Ense\u00f1anza Secundaria - Torredelcampo","publisher":{"@id":"https:\/\/www.iestorreolvidada.com\/#organization"},"potentialAction":[{"@type":"SearchAction","target":{"@type":"EntryPoint","urlTemplate":"https:\/\/www.iestorreolvidada.com\/?s={search_term_string}"},"query-input":{"@type":"PropertyValueSpecification","valueRequired":true,"valueName":"search_term_string"}}],"inLanguage":"es"},{"@type":"Organization","@id":"https:\/\/www.iestorreolvidada.com\/#organization","name":"IES Torre Olvidada","url":"https:\/\/www.iestorreolvidada.com\/","logo":{"@type":"ImageObject","inLanguage":"es","@id":"https:\/\/www.iestorreolvidada.com\/#\/schema\/logo\/image\/","url":"https:\/\/i0.wp.com\/www.iestorreolvidada.com\/wp-content\/uploads\/2023\/02\/LOGO-IES_antiguo-2.jpg?fit=1819%2C2002&ssl=1","contentUrl":"https:\/\/i0.wp.com\/www.iestorreolvidada.com\/wp-content\/uploads\/2023\/02\/LOGO-IES_antiguo-2.jpg?fit=1819%2C2002&ssl=1","width":1819,"height":2002,"caption":"IES Torre Olvidada"},"image":{"@id":"https:\/\/www.iestorreolvidada.com\/#\/schema\/logo\/image\/"},"sameAs":["https:\/\/www.facebook.com\/iestorreolvidada","https:\/\/x.com\/torre_ies","https:\/\/www.instagram.com\/ies_torre_olvidada\/?hl=es"]},{"@type":"Person","@id":"https:\/\/www.iestorreolvidada.com\/#\/schema\/person\/d5b3d5d54511de3cc4b20440de306183","name":"IES Torre Olvidada","image":{"@type":"ImageObject","inLanguage":"es","@id":"https:\/\/secure.gravatar.com\/avatar\/97634abbab78eb99a51cdc7b71ef263856b45acddbb79c08da9aa97d8ecd37ee?s=96&d=mm&r=g","url":"https:\/\/secure.gravatar.com\/avatar\/97634abbab78eb99a51cdc7b71ef263856b45acddbb79c08da9aa97d8ecd37ee?s=96&d=mm&r=g","contentUrl":"https:\/\/secure.gravatar.com\/avatar\/97634abbab78eb99a51cdc7b71ef263856b45acddbb79c08da9aa97d8ecd37ee?s=96&d=mm&r=g","caption":"IES Torre Olvidada"},"url":"https:\/\/www.iestorreolvidada.com\/index.php\/author\/comunicacion_trrolvdd\/"}]}},"jetpack_publicize_connections":[],"jetpack_featured_media_url":"https:\/\/www.iestorreolvidada.com\/wp-content\/uploads\/2023\/11\/cooperativo.jpg","jetpack-related-posts":[],"jetpack_shortlink":"https:\/\/wp.me\/pemPlE-191","jetpack_sharing_enabled":true,"_links":{"self":[{"href":"https:\/\/www.iestorreolvidada.com\/index.php\/wp-json\/wp\/v2\/posts\/4403","targetHints":{"allow":["GET"]}}],"collection":[{"href":"https:\/\/www.iestorreolvidada.com\/index.php\/wp-json\/wp\/v2\/posts"}],"about":[{"href":"https:\/\/www.iestorreolvidada.com\/index.php\/wp-json\/wp\/v2\/types\/post"}],"author":[{"embeddable":true,"href":"https:\/\/www.iestorreolvidada.com\/index.php\/wp-json\/wp\/v2\/users\/2"}],"replies":[{"embeddable":true,"href":"https:\/\/www.iestorreolvidada.com\/index.php\/wp-json\/wp\/v2\/comments?post=4403"}],"version-history":[{"count":4,"href":"https:\/\/www.iestorreolvidada.com\/index.php\/wp-json\/wp\/v2\/posts\/4403\/revisions"}],"predecessor-version":[{"id":4412,"href":"https:\/\/www.iestorreolvidada.com\/index.php\/wp-json\/wp\/v2\/posts\/4403\/revisions\/4412"}],"wp:featuredmedia":[{"embeddable":true,"href":"https:\/\/www.iestorreolvidada.com\/index.php\/wp-json\/wp\/v2\/media\/4408"}],"wp:attachment":[{"href":"https:\/\/www.iestorreolvidada.com\/index.php\/wp-json\/wp\/v2\/media?parent=4403"}],"wp:term":[{"taxonomy":"category","embeddable":true,"href":"https:\/\/www.iestorreolvidada.com\/index.php\/wp-json\/wp\/v2\/categories?post=4403"},{"taxonomy":"post_tag","embeddable":true,"href":"https:\/\/www.iestorreolvidada.com\/index.php\/wp-json\/wp\/v2\/tags?post=4403"}],"curies":[{"name":"wp","href":"https:\/\/api.w.org\/{rel}","templated":true}]}}