{"id":4413,"date":"2023-12-03T16:01:29","date_gmt":"2023-12-03T16:01:29","guid":{"rendered":"https:\/\/www.iestorreolvidada.com\/?p=4413"},"modified":"2023-12-03T16:01:29","modified_gmt":"2023-12-03T16:01:29","slug":"25-de-noviembre-dia-internacional-de-la-eliminacion-de-la-violencia-contra-la-mujer","status":"publish","type":"post","link":"https:\/\/www.iestorreolvidada.com\/index.php\/2023\/12\/03\/25-de-noviembre-dia-internacional-de-la-eliminacion-de-la-violencia-contra-la-mujer\/","title":{"rendered":"25 de noviembre, D\u00eda Internacional de la Eliminaci\u00f3n de la Violencia contra la Mujer"},"content":{"rendered":"<p><span style=\"font-weight: 400;\">Como hab\u00e9is podido comprobar, este 24 de noviembre ha sido un d\u00eda muy reivindicativo, un d\u00eda lleno de actividades encaminadas a reflexionar y tomar conciencia sobre el tema de la violencia hacia las mujeres: cuentacuentos coeducativos en la biblioteca y exposiciones orales por todas las clases con reparto de pulseras.<\/span><\/p>\n<p><span style=\"font-weight: 400;\">Por \u00faltimo, la actividad estrella ha consistido en la interpretaci\u00f3n de la canci\u00f3n <\/span><i><span style=\"font-weight: 400;\">No eres t\u00fa, soy yo<\/span><\/i><span style=\"font-weight: 400;\"> a cargo de nuestro coro, bajo la magistral direcci\u00f3n de Mercedes y la colaboraci\u00f3n de Paqui. Ha sido interpretada para todo el alumnado, el alcalde y representantes del Ayuntamiento, as\u00ed como para un nutrido grupo de familias.<\/span><\/p>\n<p><span style=\"font-weight: 400;\">El Ayuntamiento de Torredelcampo tambi\u00e9n ha colaborado en la conmemoraci\u00f3n de esta fecha con los centros educativos, mediante las charlas ofrecidas a 2\u00b0 de ESO, a cargo de la psic\u00f3loga del Centro de Informaci\u00f3n de la Mujer; y mediante la asistencia de los grupos de 4\u00ba de ESO al pabell\u00f3n deportivo municipal para adentrarse en un \u00abplanetario\u00bb en el que han podido escuchar situaciones reales sobre relaciones t\u00f3xicas entre adolescentes, para que, de este modo, los y las j\u00f3venes reflexionen sobre la violencia de g\u00e9nero que se produce tambi\u00e9n en estas edades.<\/span><\/p>\n<p><a href=\"https:\/\/www.torredelcampo.es\/\">Ayuntamiento de Torredelcampo<\/a><\/p>\n<p><a href=\"https:\/\/www.educacionyfp.gob.es\/mc\/igualdad\/eventos\/25noviembre.html\">Ministerio de Educaci\u00f3n<\/a><\/p>\n<div class=\"et_pb_slider et_pb_slider_fullwidth_off et_pb_gallery_post_type\">\n\t\t\t\t<div class=\"et_pb_slides\">\n\t\t\t\t\t<div class=\"et_pb_slide\" style=\"background: url(https:\/\/www.iestorreolvidada.com\/wp-content\/uploads\/2023\/12\/IMG-20231203-WA0011.jpg);\"><\/div><div class=\"et_pb_slide\" style=\"background: url(https:\/\/www.iestorreolvidada.com\/wp-content\/uploads\/2023\/12\/IMG-20231203-WA0010.jpg);\"><\/div><div class=\"et_pb_slide\" style=\"background: url(https:\/\/www.iestorreolvidada.com\/wp-content\/uploads\/2023\/12\/IMG-20231203-WA0009.jpg);\"><\/div><div class=\"et_pb_slide\" style=\"background: url(https:\/\/www.iestorreolvidada.com\/wp-content\/uploads\/2023\/12\/IMG-20231203-WA0008.jpg);\"><\/div><div class=\"et_pb_slide\" style=\"background: url(https:\/\/www.iestorreolvidada.com\/wp-content\/uploads\/2023\/12\/IMG-20231203-WA0007.jpg);\"><\/div><div class=\"et_pb_slide\" style=\"background: url(https:\/\/www.iestorreolvidada.com\/wp-content\/uploads\/2023\/12\/IMG-20231203-WA0006.jpg);\"><\/div><div class=\"et_pb_slide\" style=\"background: url(https:\/\/www.iestorreolvidada.com\/wp-content\/uploads\/2023\/12\/IMG-20231203-WA0005.jpg);\"><\/div><div class=\"et_pb_slide\" style=\"background: url(https:\/\/www.iestorreolvidada.com\/wp-content\/uploads\/2023\/12\/IMG-20231203-WA0004.jpg);\"><\/div><div class=\"et_pb_slide\" style=\"background: url(https:\/\/www.iestorreolvidada.com\/wp-content\/uploads\/2023\/12\/IMG-20231203-WA0003.jpg);\"><\/div><div class=\"et_pb_slide\" style=\"background: url(https:\/\/www.iestorreolvidada.com\/wp-content\/uploads\/2023\/12\/Logo-Ayuntamiento.jpg);\"><\/div>\n\t\t\t\t<\/div>\n\t\t\t<\/div>\n","protected":false},"excerpt":{"rendered":"<p>Como hab\u00e9is podido comprobar, este 24 de noviembre ha sido un d\u00eda muy reivindicativo, un d\u00eda lleno de actividades encaminadas a reflexionar y tomar conciencia sobre el tema de la violencia hacia las mujeres: cuentacuentos coeducativos en la biblioteca y exposiciones orales por todas las clases con reparto de pulseras. Por \u00faltimo, la actividad estrella [&hellip;]<\/p>\n","protected":false},"author":2,"featured_media":4421,"comment_status":"open","ping_status":"open","sticky":false,"template":"","format":"standard","meta":{"_et_pb_use_builder":"","_et_pb_old_content":"","_et_gb_content_width":"","_monsterinsights_skip_tracking":false,"_monsterinsights_sitenote_active":false,"_monsterinsights_sitenote_note":"","_monsterinsights_sitenote_category":0,"_jetpack_memberships_contains_paid_content":false,"footnotes":"","jetpack_publicize_message":"","jetpack_publicize_feature_enabled":true,"jetpack_social_post_already_shared":true,"jetpack_social_options":{"image_generator_settings":{"template":"highway","default_image_id":0,"font":"","enabled":false},"version":2}},"categories":[22,2],"tags":[47],"class_list":["post-4413","post","type-post","status-publish","format-standard","has-post-thumbnail","hentry","category-igualdad","category-novedades","tag-igualdad"],"yoast_head":"<!-- This site is optimized with the Yoast SEO plugin v27.4 - https:\/\/yoast.com\/product\/yoast-seo-wordpress\/ -->\n<title>25 de noviembre, D\u00eda Internacional de la Eliminaci\u00f3n de la Violencia contra la Mujer - IES Torre Olvidada<\/title>\n<meta name=\"description\" content=\"25 de noviembre, D\u00eda Internacional de la Eliminaci\u00f3n de la Violencia contra la Mujer, Ayuntamiento de Torredelcampo, IES Torre Olvidada\" \/>\n<meta name=\"robots\" content=\"index, follow, max-snippet:-1, max-image-preview:large, max-video-preview:-1\" \/>\n<link rel=\"canonical\" href=\"https:\/\/www.iestorreolvidada.com\/index.php\/2023\/12\/03\/25-de-noviembre-dia-internacional-de-la-eliminacion-de-la-violencia-contra-la-mujer\/\" \/>\n<meta property=\"og:locale\" content=\"es_ES\" \/>\n<meta property=\"og:type\" content=\"article\" \/>\n<meta property=\"og:title\" content=\"25 de noviembre, D\u00eda Internacional de la Eliminaci\u00f3n de la Violencia contra la Mujer - IES Torre Olvidada\" \/>\n<meta property=\"og:description\" content=\"25 de noviembre, D\u00eda Internacional de la Eliminaci\u00f3n de la Violencia contra la Mujer, Ayuntamiento de Torredelcampo, IES Torre Olvidada\" \/>\n<meta property=\"og:url\" content=\"https:\/\/www.iestorreolvidada.com\/index.php\/2023\/12\/03\/25-de-noviembre-dia-internacional-de-la-eliminacion-de-la-violencia-contra-la-mujer\/\" \/>\n<meta property=\"og:site_name\" content=\"IES Torre Olvidada\" \/>\n<meta property=\"article:publisher\" content=\"https:\/\/www.facebook.com\/iestorreolvidada\" \/>\n<meta property=\"article:published_time\" content=\"2023-12-03T16:01:29+00:00\" \/>\n<meta property=\"og:image\" content=\"https:\/\/www.iestorreolvidada.com\/wp-content\/uploads\/2023\/12\/IMG-20231203-WA0009.jpg\" \/>\n\t<meta property=\"og:image:width\" content=\"1536\" \/>\n\t<meta property=\"og:image:height\" content=\"2048\" \/>\n\t<meta property=\"og:image:type\" content=\"image\/jpeg\" \/>\n<meta name=\"author\" content=\"IES Torre Olvidada\" \/>\n<meta name=\"twitter:card\" content=\"summary_large_image\" \/>\n<meta name=\"twitter:creator\" content=\"@torre_ies\" \/>\n<meta name=\"twitter:site\" content=\"@torre_ies\" \/>\n<meta name=\"twitter:label1\" content=\"Escrito por\" \/>\n\t<meta name=\"twitter:data1\" content=\"IES Torre Olvidada\" \/>\n\t<meta name=\"twitter:label2\" content=\"Tiempo de lectura\" \/>\n\t<meta name=\"twitter:data2\" content=\"1 minuto\" \/>\n<script type=\"application\/ld+json\" class=\"yoast-schema-graph\">{\"@context\":\"https:\\\/\\\/schema.org\",\"@graph\":[{\"@type\":\"Article\",\"@id\":\"https:\\\/\\\/www.iestorreolvidada.com\\\/index.php\\\/2023\\\/12\\\/03\\\/25-de-noviembre-dia-internacional-de-la-eliminacion-de-la-violencia-contra-la-mujer\\\/#article\",\"isPartOf\":{\"@id\":\"https:\\\/\\\/www.iestorreolvidada.com\\\/index.php\\\/2023\\\/12\\\/03\\\/25-de-noviembre-dia-internacional-de-la-eliminacion-de-la-violencia-contra-la-mujer\\\/\"},\"author\":{\"name\":\"IES Torre Olvidada\",\"@id\":\"https:\\\/\\\/www.iestorreolvidada.com\\\/#\\\/schema\\\/person\\\/d5b3d5d54511de3cc4b20440de306183\"},\"headline\":\"25 de noviembre, D\u00eda Internacional de la Eliminaci\u00f3n de la Violencia contra la Mujer\",\"datePublished\":\"2023-12-03T16:01:29+00:00\",\"mainEntityOfPage\":{\"@id\":\"https:\\\/\\\/www.iestorreolvidada.com\\\/index.php\\\/2023\\\/12\\\/03\\\/25-de-noviembre-dia-internacional-de-la-eliminacion-de-la-violencia-contra-la-mujer\\\/\"},\"wordCount\":234,\"commentCount\":0,\"publisher\":{\"@id\":\"https:\\\/\\\/www.iestorreolvidada.com\\\/#organization\"},\"image\":{\"@id\":\"https:\\\/\\\/www.iestorreolvidada.com\\\/index.php\\\/2023\\\/12\\\/03\\\/25-de-noviembre-dia-internacional-de-la-eliminacion-de-la-violencia-contra-la-mujer\\\/#primaryimage\"},\"thumbnailUrl\":\"https:\\\/\\\/www.iestorreolvidada.com\\\/wp-content\\\/uploads\\\/2023\\\/12\\\/IMG-20231203-WA0009.jpg\",\"keywords\":[\"Igualdad\"],\"articleSection\":[\"Igualdad\",\"Novedades\"],\"inLanguage\":\"es\",\"potentialAction\":[{\"@type\":\"CommentAction\",\"name\":\"Comment\",\"target\":[\"https:\\\/\\\/www.iestorreolvidada.com\\\/index.php\\\/2023\\\/12\\\/03\\\/25-de-noviembre-dia-internacional-de-la-eliminacion-de-la-violencia-contra-la-mujer\\\/#respond\"]}]},{\"@type\":\"WebPage\",\"@id\":\"https:\\\/\\\/www.iestorreolvidada.com\\\/index.php\\\/2023\\\/12\\\/03\\\/25-de-noviembre-dia-internacional-de-la-eliminacion-de-la-violencia-contra-la-mujer\\\/\",\"url\":\"https:\\\/\\\/www.iestorreolvidada.com\\\/index.php\\\/2023\\\/12\\\/03\\\/25-de-noviembre-dia-internacional-de-la-eliminacion-de-la-violencia-contra-la-mujer\\\/\",\"name\":\"25 de noviembre, D\u00eda Internacional de la Eliminaci\u00f3n de la Violencia contra la Mujer - IES Torre Olvidada\",\"isPartOf\":{\"@id\":\"https:\\\/\\\/www.iestorreolvidada.com\\\/#website\"},\"primaryImageOfPage\":{\"@id\":\"https:\\\/\\\/www.iestorreolvidada.com\\\/index.php\\\/2023\\\/12\\\/03\\\/25-de-noviembre-dia-internacional-de-la-eliminacion-de-la-violencia-contra-la-mujer\\\/#primaryimage\"},\"image\":{\"@id\":\"https:\\\/\\\/www.iestorreolvidada.com\\\/index.php\\\/2023\\\/12\\\/03\\\/25-de-noviembre-dia-internacional-de-la-eliminacion-de-la-violencia-contra-la-mujer\\\/#primaryimage\"},\"thumbnailUrl\":\"https:\\\/\\\/www.iestorreolvidada.com\\\/wp-content\\\/uploads\\\/2023\\\/12\\\/IMG-20231203-WA0009.jpg\",\"datePublished\":\"2023-12-03T16:01:29+00:00\",\"description\":\"25 de noviembre, D\u00eda Internacional de la Eliminaci\u00f3n de la Violencia contra la Mujer, Ayuntamiento de Torredelcampo, IES Torre Olvidada\",\"breadcrumb\":{\"@id\":\"https:\\\/\\\/www.iestorreolvidada.com\\\/index.php\\\/2023\\\/12\\\/03\\\/25-de-noviembre-dia-internacional-de-la-eliminacion-de-la-violencia-contra-la-mujer\\\/#breadcrumb\"},\"inLanguage\":\"es\",\"potentialAction\":[{\"@type\":\"ReadAction\",\"target\":[\"https:\\\/\\\/www.iestorreolvidada.com\\\/index.php\\\/2023\\\/12\\\/03\\\/25-de-noviembre-dia-internacional-de-la-eliminacion-de-la-violencia-contra-la-mujer\\\/\"]}]},{\"@type\":\"ImageObject\",\"inLanguage\":\"es\",\"@id\":\"https:\\\/\\\/www.iestorreolvidada.com\\\/index.php\\\/2023\\\/12\\\/03\\\/25-de-noviembre-dia-internacional-de-la-eliminacion-de-la-violencia-contra-la-mujer\\\/#primaryimage\",\"url\":\"https:\\\/\\\/www.iestorreolvidada.com\\\/wp-content\\\/uploads\\\/2023\\\/12\\\/IMG-20231203-WA0009.jpg\",\"contentUrl\":\"https:\\\/\\\/www.iestorreolvidada.com\\\/wp-content\\\/uploads\\\/2023\\\/12\\\/IMG-20231203-WA0009.jpg\",\"width\":1536,\"height\":2048},{\"@type\":\"BreadcrumbList\",\"@id\":\"https:\\\/\\\/www.iestorreolvidada.com\\\/index.php\\\/2023\\\/12\\\/03\\\/25-de-noviembre-dia-internacional-de-la-eliminacion-de-la-violencia-contra-la-mujer\\\/#breadcrumb\",\"itemListElement\":[{\"@type\":\"ListItem\",\"position\":1,\"name\":\"Portada\",\"item\":\"https:\\\/\\\/www.iestorreolvidada.com\\\/\"},{\"@type\":\"ListItem\",\"position\":2,\"name\":\"25 de noviembre, D\u00eda Internacional de la Eliminaci\u00f3n de la Violencia contra la Mujer\"}]},{\"@type\":\"WebSite\",\"@id\":\"https:\\\/\\\/www.iestorreolvidada.com\\\/#website\",\"url\":\"https:\\\/\\\/www.iestorreolvidada.com\\\/\",\"name\":\"IES Torre Olvidada\",\"description\":\"Instituto de Ense\u00f1anza Secundaria - Torredelcampo\",\"publisher\":{\"@id\":\"https:\\\/\\\/www.iestorreolvidada.com\\\/#organization\"},\"potentialAction\":[{\"@type\":\"SearchAction\",\"target\":{\"@type\":\"EntryPoint\",\"urlTemplate\":\"https:\\\/\\\/www.iestorreolvidada.com\\\/?s={search_term_string}\"},\"query-input\":{\"@type\":\"PropertyValueSpecification\",\"valueRequired\":true,\"valueName\":\"search_term_string\"}}],\"inLanguage\":\"es\"},{\"@type\":\"Organization\",\"@id\":\"https:\\\/\\\/www.iestorreolvidada.com\\\/#organization\",\"name\":\"IES Torre Olvidada\",\"url\":\"https:\\\/\\\/www.iestorreolvidada.com\\\/\",\"logo\":{\"@type\":\"ImageObject\",\"inLanguage\":\"es\",\"@id\":\"https:\\\/\\\/www.iestorreolvidada.com\\\/#\\\/schema\\\/logo\\\/image\\\/\",\"url\":\"https:\\\/\\\/i0.wp.com\\\/www.iestorreolvidada.com\\\/wp-content\\\/uploads\\\/2023\\\/02\\\/LOGO-IES_antiguo-2.jpg?fit=1819%2C2002&ssl=1\",\"contentUrl\":\"https:\\\/\\\/i0.wp.com\\\/www.iestorreolvidada.com\\\/wp-content\\\/uploads\\\/2023\\\/02\\\/LOGO-IES_antiguo-2.jpg?fit=1819%2C2002&ssl=1\",\"width\":1819,\"height\":2002,\"caption\":\"IES Torre Olvidada\"},\"image\":{\"@id\":\"https:\\\/\\\/www.iestorreolvidada.com\\\/#\\\/schema\\\/logo\\\/image\\\/\"},\"sameAs\":[\"https:\\\/\\\/www.facebook.com\\\/iestorreolvidada\",\"https:\\\/\\\/x.com\\\/torre_ies\",\"https:\\\/\\\/www.instagram.com\\\/ies_torre_olvidada\\\/?hl=es\"]},{\"@type\":\"Person\",\"@id\":\"https:\\\/\\\/www.iestorreolvidada.com\\\/#\\\/schema\\\/person\\\/d5b3d5d54511de3cc4b20440de306183\",\"name\":\"IES Torre Olvidada\",\"image\":{\"@type\":\"ImageObject\",\"inLanguage\":\"es\",\"@id\":\"https:\\\/\\\/secure.gravatar.com\\\/avatar\\\/97634abbab78eb99a51cdc7b71ef263856b45acddbb79c08da9aa97d8ecd37ee?s=96&d=mm&r=g\",\"url\":\"https:\\\/\\\/secure.gravatar.com\\\/avatar\\\/97634abbab78eb99a51cdc7b71ef263856b45acddbb79c08da9aa97d8ecd37ee?s=96&d=mm&r=g\",\"contentUrl\":\"https:\\\/\\\/secure.gravatar.com\\\/avatar\\\/97634abbab78eb99a51cdc7b71ef263856b45acddbb79c08da9aa97d8ecd37ee?s=96&d=mm&r=g\",\"caption\":\"IES Torre Olvidada\"},\"url\":\"https:\\\/\\\/www.iestorreolvidada.com\\\/index.php\\\/author\\\/comunicacion_trrolvdd\\\/\"}]}<\/script>\n<!-- \/ Yoast SEO plugin. -->","yoast_head_json":{"title":"25 de noviembre, D\u00eda Internacional de la Eliminaci\u00f3n de la Violencia contra la Mujer - IES Torre Olvidada","description":"25 de noviembre, D\u00eda Internacional de la Eliminaci\u00f3n de la Violencia contra la Mujer, Ayuntamiento de Torredelcampo, IES Torre Olvidada","robots":{"index":"index","follow":"follow","max-snippet":"max-snippet:-1","max-image-preview":"max-image-preview:large","max-video-preview":"max-video-preview:-1"},"canonical":"https:\/\/www.iestorreolvidada.com\/index.php\/2023\/12\/03\/25-de-noviembre-dia-internacional-de-la-eliminacion-de-la-violencia-contra-la-mujer\/","og_locale":"es_ES","og_type":"article","og_title":"25 de noviembre, D\u00eda Internacional de la Eliminaci\u00f3n de la Violencia contra la Mujer - IES Torre Olvidada","og_description":"25 de noviembre, D\u00eda Internacional de la Eliminaci\u00f3n de la Violencia contra la Mujer, Ayuntamiento de Torredelcampo, IES Torre Olvidada","og_url":"https:\/\/www.iestorreolvidada.com\/index.php\/2023\/12\/03\/25-de-noviembre-dia-internacional-de-la-eliminacion-de-la-violencia-contra-la-mujer\/","og_site_name":"IES Torre Olvidada","article_publisher":"https:\/\/www.facebook.com\/iestorreolvidada","article_published_time":"2023-12-03T16:01:29+00:00","og_image":[{"width":1536,"height":2048,"url":"https:\/\/www.iestorreolvidada.com\/wp-content\/uploads\/2023\/12\/IMG-20231203-WA0009.jpg","type":"image\/jpeg"}],"author":"IES Torre Olvidada","twitter_card":"summary_large_image","twitter_creator":"@torre_ies","twitter_site":"@torre_ies","twitter_misc":{"Escrito por":"IES Torre Olvidada","Tiempo de lectura":"1 minuto"},"schema":{"@context":"https:\/\/schema.org","@graph":[{"@type":"Article","@id":"https:\/\/www.iestorreolvidada.com\/index.php\/2023\/12\/03\/25-de-noviembre-dia-internacional-de-la-eliminacion-de-la-violencia-contra-la-mujer\/#article","isPartOf":{"@id":"https:\/\/www.iestorreolvidada.com\/index.php\/2023\/12\/03\/25-de-noviembre-dia-internacional-de-la-eliminacion-de-la-violencia-contra-la-mujer\/"},"author":{"name":"IES Torre Olvidada","@id":"https:\/\/www.iestorreolvidada.com\/#\/schema\/person\/d5b3d5d54511de3cc4b20440de306183"},"headline":"25 de noviembre, D\u00eda Internacional de la Eliminaci\u00f3n de la Violencia contra la Mujer","datePublished":"2023-12-03T16:01:29+00:00","mainEntityOfPage":{"@id":"https:\/\/www.iestorreolvidada.com\/index.php\/2023\/12\/03\/25-de-noviembre-dia-internacional-de-la-eliminacion-de-la-violencia-contra-la-mujer\/"},"wordCount":234,"commentCount":0,"publisher":{"@id":"https:\/\/www.iestorreolvidada.com\/#organization"},"image":{"@id":"https:\/\/www.iestorreolvidada.com\/index.php\/2023\/12\/03\/25-de-noviembre-dia-internacional-de-la-eliminacion-de-la-violencia-contra-la-mujer\/#primaryimage"},"thumbnailUrl":"https:\/\/www.iestorreolvidada.com\/wp-content\/uploads\/2023\/12\/IMG-20231203-WA0009.jpg","keywords":["Igualdad"],"articleSection":["Igualdad","Novedades"],"inLanguage":"es","potentialAction":[{"@type":"CommentAction","name":"Comment","target":["https:\/\/www.iestorreolvidada.com\/index.php\/2023\/12\/03\/25-de-noviembre-dia-internacional-de-la-eliminacion-de-la-violencia-contra-la-mujer\/#respond"]}]},{"@type":"WebPage","@id":"https:\/\/www.iestorreolvidada.com\/index.php\/2023\/12\/03\/25-de-noviembre-dia-internacional-de-la-eliminacion-de-la-violencia-contra-la-mujer\/","url":"https:\/\/www.iestorreolvidada.com\/index.php\/2023\/12\/03\/25-de-noviembre-dia-internacional-de-la-eliminacion-de-la-violencia-contra-la-mujer\/","name":"25 de noviembre, D\u00eda Internacional de la Eliminaci\u00f3n de la Violencia contra la Mujer - IES Torre Olvidada","isPartOf":{"@id":"https:\/\/www.iestorreolvidada.com\/#website"},"primaryImageOfPage":{"@id":"https:\/\/www.iestorreolvidada.com\/index.php\/2023\/12\/03\/25-de-noviembre-dia-internacional-de-la-eliminacion-de-la-violencia-contra-la-mujer\/#primaryimage"},"image":{"@id":"https:\/\/www.iestorreolvidada.com\/index.php\/2023\/12\/03\/25-de-noviembre-dia-internacional-de-la-eliminacion-de-la-violencia-contra-la-mujer\/#primaryimage"},"thumbnailUrl":"https:\/\/www.iestorreolvidada.com\/wp-content\/uploads\/2023\/12\/IMG-20231203-WA0009.jpg","datePublished":"2023-12-03T16:01:29+00:00","description":"25 de noviembre, D\u00eda Internacional de la Eliminaci\u00f3n de la Violencia contra la Mujer, Ayuntamiento de Torredelcampo, IES Torre Olvidada","breadcrumb":{"@id":"https:\/\/www.iestorreolvidada.com\/index.php\/2023\/12\/03\/25-de-noviembre-dia-internacional-de-la-eliminacion-de-la-violencia-contra-la-mujer\/#breadcrumb"},"inLanguage":"es","potentialAction":[{"@type":"ReadAction","target":["https:\/\/www.iestorreolvidada.com\/index.php\/2023\/12\/03\/25-de-noviembre-dia-internacional-de-la-eliminacion-de-la-violencia-contra-la-mujer\/"]}]},{"@type":"ImageObject","inLanguage":"es","@id":"https:\/\/www.iestorreolvidada.com\/index.php\/2023\/12\/03\/25-de-noviembre-dia-internacional-de-la-eliminacion-de-la-violencia-contra-la-mujer\/#primaryimage","url":"https:\/\/www.iestorreolvidada.com\/wp-content\/uploads\/2023\/12\/IMG-20231203-WA0009.jpg","contentUrl":"https:\/\/www.iestorreolvidada.com\/wp-content\/uploads\/2023\/12\/IMG-20231203-WA0009.jpg","width":1536,"height":2048},{"@type":"BreadcrumbList","@id":"https:\/\/www.iestorreolvidada.com\/index.php\/2023\/12\/03\/25-de-noviembre-dia-internacional-de-la-eliminacion-de-la-violencia-contra-la-mujer\/#breadcrumb","itemListElement":[{"@type":"ListItem","position":1,"name":"Portada","item":"https:\/\/www.iestorreolvidada.com\/"},{"@type":"ListItem","position":2,"name":"25 de noviembre, D\u00eda Internacional de la Eliminaci\u00f3n de la Violencia contra la Mujer"}]},{"@type":"WebSite","@id":"https:\/\/www.iestorreolvidada.com\/#website","url":"https:\/\/www.iestorreolvidada.com\/","name":"IES Torre Olvidada","description":"Instituto de Ense\u00f1anza Secundaria - Torredelcampo","publisher":{"@id":"https:\/\/www.iestorreolvidada.com\/#organization"},"potentialAction":[{"@type":"SearchAction","target":{"@type":"EntryPoint","urlTemplate":"https:\/\/www.iestorreolvidada.com\/?s={search_term_string}"},"query-input":{"@type":"PropertyValueSpecification","valueRequired":true,"valueName":"search_term_string"}}],"inLanguage":"es"},{"@type":"Organization","@id":"https:\/\/www.iestorreolvidada.com\/#organization","name":"IES Torre Olvidada","url":"https:\/\/www.iestorreolvidada.com\/","logo":{"@type":"ImageObject","inLanguage":"es","@id":"https:\/\/www.iestorreolvidada.com\/#\/schema\/logo\/image\/","url":"https:\/\/i0.wp.com\/www.iestorreolvidada.com\/wp-content\/uploads\/2023\/02\/LOGO-IES_antiguo-2.jpg?fit=1819%2C2002&ssl=1","contentUrl":"https:\/\/i0.wp.com\/www.iestorreolvidada.com\/wp-content\/uploads\/2023\/02\/LOGO-IES_antiguo-2.jpg?fit=1819%2C2002&ssl=1","width":1819,"height":2002,"caption":"IES Torre Olvidada"},"image":{"@id":"https:\/\/www.iestorreolvidada.com\/#\/schema\/logo\/image\/"},"sameAs":["https:\/\/www.facebook.com\/iestorreolvidada","https:\/\/x.com\/torre_ies","https:\/\/www.instagram.com\/ies_torre_olvidada\/?hl=es"]},{"@type":"Person","@id":"https:\/\/www.iestorreolvidada.com\/#\/schema\/person\/d5b3d5d54511de3cc4b20440de306183","name":"IES Torre Olvidada","image":{"@type":"ImageObject","inLanguage":"es","@id":"https:\/\/secure.gravatar.com\/avatar\/97634abbab78eb99a51cdc7b71ef263856b45acddbb79c08da9aa97d8ecd37ee?s=96&d=mm&r=g","url":"https:\/\/secure.gravatar.com\/avatar\/97634abbab78eb99a51cdc7b71ef263856b45acddbb79c08da9aa97d8ecd37ee?s=96&d=mm&r=g","contentUrl":"https:\/\/secure.gravatar.com\/avatar\/97634abbab78eb99a51cdc7b71ef263856b45acddbb79c08da9aa97d8ecd37ee?s=96&d=mm&r=g","caption":"IES Torre Olvidada"},"url":"https:\/\/www.iestorreolvidada.com\/index.php\/author\/comunicacion_trrolvdd\/"}]}},"jetpack_publicize_connections":[],"jetpack_featured_media_url":"https:\/\/www.iestorreolvidada.com\/wp-content\/uploads\/2023\/12\/IMG-20231203-WA0009.jpg","jetpack-related-posts":[],"jetpack_shortlink":"https:\/\/wp.me\/pemPlE-19b","jetpack_sharing_enabled":true,"_links":{"self":[{"href":"https:\/\/www.iestorreolvidada.com\/index.php\/wp-json\/wp\/v2\/posts\/4413","targetHints":{"allow":["GET"]}}],"collection":[{"href":"https:\/\/www.iestorreolvidada.com\/index.php\/wp-json\/wp\/v2\/posts"}],"about":[{"href":"https:\/\/www.iestorreolvidada.com\/index.php\/wp-json\/wp\/v2\/types\/post"}],"author":[{"embeddable":true,"href":"https:\/\/www.iestorreolvidada.com\/index.php\/wp-json\/wp\/v2\/users\/2"}],"replies":[{"embeddable":true,"href":"https:\/\/www.iestorreolvidada.com\/index.php\/wp-json\/wp\/v2\/comments?post=4413"}],"version-history":[{"count":1,"href":"https:\/\/www.iestorreolvidada.com\/index.php\/wp-json\/wp\/v2\/posts\/4413\/revisions"}],"predecessor-version":[{"id":4424,"href":"https:\/\/www.iestorreolvidada.com\/index.php\/wp-json\/wp\/v2\/posts\/4413\/revisions\/4424"}],"wp:featuredmedia":[{"embeddable":true,"href":"https:\/\/www.iestorreolvidada.com\/index.php\/wp-json\/wp\/v2\/media\/4421"}],"wp:attachment":[{"href":"https:\/\/www.iestorreolvidada.com\/index.php\/wp-json\/wp\/v2\/media?parent=4413"}],"wp:term":[{"taxonomy":"category","embeddable":true,"href":"https:\/\/www.iestorreolvidada.com\/index.php\/wp-json\/wp\/v2\/categories?post=4413"},{"taxonomy":"post_tag","embeddable":true,"href":"https:\/\/www.iestorreolvidada.com\/index.php\/wp-json\/wp\/v2\/tags?post=4413"}],"curies":[{"name":"wp","href":"https:\/\/api.w.org\/{rel}","templated":true}]}}