{"id":4449,"date":"2023-12-15T11:33:14","date_gmt":"2023-12-15T11:33:14","guid":{"rendered":"https:\/\/www.iestorreolvidada.com\/?p=4449"},"modified":"2023-12-15T11:33:14","modified_gmt":"2023-12-15T11:33:14","slug":"celebracion-del-dia-de-la-lectura-en-andalucia","status":"publish","type":"post","link":"https:\/\/www.iestorreolvidada.com\/index.php\/2023\/12\/15\/celebracion-del-dia-de-la-lectura-en-andalucia\/","title":{"rendered":"Celebraci\u00f3n del D\u00eda de la Lectura en Andaluc\u00eda"},"content":{"rendered":"<p>Como en a\u00f1os anteriores, celebramos el D\u00eda de la Lectura en Andaluc\u00eda con la realizaci\u00f3n de una actividad interdisciplinar, entre la biblioteca del centro, el departamento de Industrias Alimentarias y el departamento de Franc\u00e9s.<br \/>\nEn esta ocasi\u00f3n, se propone la degustaci\u00f3n de un pastelito franc\u00e9s \u201cles petits choux\u201d, que elaborar\u00e1n los alumnos de grado medio y grado superior.<br \/>\nPara ganarse un pastelito, el alumnado de los distintos grupos deber\u00e1n unir correctamente el nombre de escritores y escritoras andaluces con el t\u00edtulo de una de sus obras m\u00e1s representativas. El juego se realizar\u00e1 en las aulas a lo largo de la ma\u00f1ana del viernes d\u00eda 15, donde se les pondr\u00e1 una presentaci\u00f3n sobre la historia de los \u201cpetits choux\u201d. Esperamos que gusten y&#8230; \u201cbon app\u00e9tit\u201d.<\/p>\n","protected":false},"excerpt":{"rendered":"<p>Como en a\u00f1os anteriores, celebramos el D\u00eda de la Lectura en Andaluc\u00eda con la realizaci\u00f3n de una actividad interdisciplinar, entre la biblioteca del centro, el departamento de Industrias Alimentarias y el departamento de Franc\u00e9s. En esta ocasi\u00f3n, se propone la degustaci\u00f3n de un pastelito franc\u00e9s \u201cles petits choux\u201d, que elaborar\u00e1n los alumnos de grado medio [&hellip;]<\/p>\n","protected":false},"author":2,"featured_media":4450,"comment_status":"open","ping_status":"open","sticky":false,"template":"","format":"standard","meta":{"_et_pb_use_builder":"","_et_pb_old_content":"","_et_gb_content_width":"","_monsterinsights_skip_tracking":false,"_monsterinsights_sitenote_active":false,"_monsterinsights_sitenote_note":"","_monsterinsights_sitenote_category":0,"_jetpack_memberships_contains_paid_content":false,"footnotes":"","jetpack_publicize_message":"","jetpack_publicize_feature_enabled":true,"jetpack_social_post_already_shared":true,"jetpack_social_options":{"image_generator_settings":{"template":"highway","default_image_id":0,"font":"","enabled":false},"version":2}},"categories":[35,2],"tags":[36,50],"class_list":["post-4449","post","type-post","status-publish","format-standard","has-post-thumbnail","hentry","category-biblioteca","category-novedades","tag-biblioteca","tag-lectura"],"yoast_head":"<!-- This site is optimized with the Yoast SEO plugin v27.4 - https:\/\/yoast.com\/product\/yoast-seo-wordpress\/ -->\n<title>Celebraci\u00f3n del D\u00eda de la Lectura en Andaluc\u00eda - IES Torre Olvidada<\/title>\n<meta name=\"description\" content=\"Celebraci\u00f3n del D\u00eda de la Lectura en Andaluc\u00eda, Biblioteca, Franc\u00e9s, Torre Olvidada,\" \/>\n<meta name=\"robots\" content=\"index, follow, max-snippet:-1, max-image-preview:large, max-video-preview:-1\" \/>\n<link rel=\"canonical\" href=\"https:\/\/www.iestorreolvidada.com\/index.php\/2023\/12\/15\/celebracion-del-dia-de-la-lectura-en-andalucia\/\" \/>\n<meta property=\"og:locale\" content=\"es_ES\" \/>\n<meta property=\"og:type\" content=\"article\" \/>\n<meta property=\"og:title\" content=\"Celebraci\u00f3n del D\u00eda de la Lectura en Andaluc\u00eda - IES Torre Olvidada\" \/>\n<meta property=\"og:description\" content=\"Celebraci\u00f3n del D\u00eda de la Lectura en Andaluc\u00eda, Biblioteca, Franc\u00e9s, Torre Olvidada,\" \/>\n<meta property=\"og:url\" content=\"https:\/\/www.iestorreolvidada.com\/index.php\/2023\/12\/15\/celebracion-del-dia-de-la-lectura-en-andalucia\/\" \/>\n<meta property=\"og:site_name\" content=\"IES Torre Olvidada\" \/>\n<meta property=\"article:publisher\" content=\"https:\/\/www.facebook.com\/iestorreolvidada\" \/>\n<meta property=\"article:published_time\" content=\"2023-12-15T11:33:14+00:00\" \/>\n<meta property=\"og:image\" content=\"https:\/\/www.iestorreolvidada.com\/wp-content\/uploads\/2023\/12\/Dia-lectura.png\" \/>\n\t<meta property=\"og:image:width\" content=\"338\" \/>\n\t<meta property=\"og:image:height\" content=\"513\" \/>\n\t<meta property=\"og:image:type\" content=\"image\/png\" \/>\n<meta name=\"author\" content=\"IES Torre Olvidada\" \/>\n<meta name=\"twitter:card\" content=\"summary_large_image\" \/>\n<meta name=\"twitter:creator\" content=\"@torre_ies\" \/>\n<meta name=\"twitter:site\" content=\"@torre_ies\" \/>\n<meta name=\"twitter:label1\" content=\"Escrito por\" \/>\n\t<meta name=\"twitter:data1\" content=\"IES Torre Olvidada\" \/>\n\t<meta name=\"twitter:label2\" content=\"Tiempo de lectura\" \/>\n\t<meta name=\"twitter:data2\" content=\"1 minuto\" \/>\n<script type=\"application\/ld+json\" class=\"yoast-schema-graph\">{\"@context\":\"https:\\\/\\\/schema.org\",\"@graph\":[{\"@type\":\"Article\",\"@id\":\"https:\\\/\\\/www.iestorreolvidada.com\\\/index.php\\\/2023\\\/12\\\/15\\\/celebracion-del-dia-de-la-lectura-en-andalucia\\\/#article\",\"isPartOf\":{\"@id\":\"https:\\\/\\\/www.iestorreolvidada.com\\\/index.php\\\/2023\\\/12\\\/15\\\/celebracion-del-dia-de-la-lectura-en-andalucia\\\/\"},\"author\":{\"name\":\"IES Torre Olvidada\",\"@id\":\"https:\\\/\\\/www.iestorreolvidada.com\\\/#\\\/schema\\\/person\\\/d5b3d5d54511de3cc4b20440de306183\"},\"headline\":\"Celebraci\u00f3n del D\u00eda de la Lectura en Andaluc\u00eda\",\"datePublished\":\"2023-12-15T11:33:14+00:00\",\"mainEntityOfPage\":{\"@id\":\"https:\\\/\\\/www.iestorreolvidada.com\\\/index.php\\\/2023\\\/12\\\/15\\\/celebracion-del-dia-de-la-lectura-en-andalucia\\\/\"},\"wordCount\":150,\"commentCount\":0,\"publisher\":{\"@id\":\"https:\\\/\\\/www.iestorreolvidada.com\\\/#organization\"},\"image\":{\"@id\":\"https:\\\/\\\/www.iestorreolvidada.com\\\/index.php\\\/2023\\\/12\\\/15\\\/celebracion-del-dia-de-la-lectura-en-andalucia\\\/#primaryimage\"},\"thumbnailUrl\":\"https:\\\/\\\/www.iestorreolvidada.com\\\/wp-content\\\/uploads\\\/2023\\\/12\\\/Dia-lectura.png\",\"keywords\":[\"Biblioteca\",\"Lectura\"],\"articleSection\":[\"Biblioteca\",\"Novedades\"],\"inLanguage\":\"es\",\"potentialAction\":[{\"@type\":\"CommentAction\",\"name\":\"Comment\",\"target\":[\"https:\\\/\\\/www.iestorreolvidada.com\\\/index.php\\\/2023\\\/12\\\/15\\\/celebracion-del-dia-de-la-lectura-en-andalucia\\\/#respond\"]}]},{\"@type\":\"WebPage\",\"@id\":\"https:\\\/\\\/www.iestorreolvidada.com\\\/index.php\\\/2023\\\/12\\\/15\\\/celebracion-del-dia-de-la-lectura-en-andalucia\\\/\",\"url\":\"https:\\\/\\\/www.iestorreolvidada.com\\\/index.php\\\/2023\\\/12\\\/15\\\/celebracion-del-dia-de-la-lectura-en-andalucia\\\/\",\"name\":\"Celebraci\u00f3n del D\u00eda de la Lectura en Andaluc\u00eda - IES Torre Olvidada\",\"isPartOf\":{\"@id\":\"https:\\\/\\\/www.iestorreolvidada.com\\\/#website\"},\"primaryImageOfPage\":{\"@id\":\"https:\\\/\\\/www.iestorreolvidada.com\\\/index.php\\\/2023\\\/12\\\/15\\\/celebracion-del-dia-de-la-lectura-en-andalucia\\\/#primaryimage\"},\"image\":{\"@id\":\"https:\\\/\\\/www.iestorreolvidada.com\\\/index.php\\\/2023\\\/12\\\/15\\\/celebracion-del-dia-de-la-lectura-en-andalucia\\\/#primaryimage\"},\"thumbnailUrl\":\"https:\\\/\\\/www.iestorreolvidada.com\\\/wp-content\\\/uploads\\\/2023\\\/12\\\/Dia-lectura.png\",\"datePublished\":\"2023-12-15T11:33:14+00:00\",\"description\":\"Celebraci\u00f3n del D\u00eda de la Lectura en Andaluc\u00eda, Biblioteca, Franc\u00e9s, Torre Olvidada,\",\"breadcrumb\":{\"@id\":\"https:\\\/\\\/www.iestorreolvidada.com\\\/index.php\\\/2023\\\/12\\\/15\\\/celebracion-del-dia-de-la-lectura-en-andalucia\\\/#breadcrumb\"},\"inLanguage\":\"es\",\"potentialAction\":[{\"@type\":\"ReadAction\",\"target\":[\"https:\\\/\\\/www.iestorreolvidada.com\\\/index.php\\\/2023\\\/12\\\/15\\\/celebracion-del-dia-de-la-lectura-en-andalucia\\\/\"]}]},{\"@type\":\"ImageObject\",\"inLanguage\":\"es\",\"@id\":\"https:\\\/\\\/www.iestorreolvidada.com\\\/index.php\\\/2023\\\/12\\\/15\\\/celebracion-del-dia-de-la-lectura-en-andalucia\\\/#primaryimage\",\"url\":\"https:\\\/\\\/www.iestorreolvidada.com\\\/wp-content\\\/uploads\\\/2023\\\/12\\\/Dia-lectura.png\",\"contentUrl\":\"https:\\\/\\\/www.iestorreolvidada.com\\\/wp-content\\\/uploads\\\/2023\\\/12\\\/Dia-lectura.png\",\"width\":338,\"height\":513},{\"@type\":\"BreadcrumbList\",\"@id\":\"https:\\\/\\\/www.iestorreolvidada.com\\\/index.php\\\/2023\\\/12\\\/15\\\/celebracion-del-dia-de-la-lectura-en-andalucia\\\/#breadcrumb\",\"itemListElement\":[{\"@type\":\"ListItem\",\"position\":1,\"name\":\"Portada\",\"item\":\"https:\\\/\\\/www.iestorreolvidada.com\\\/\"},{\"@type\":\"ListItem\",\"position\":2,\"name\":\"Celebraci\u00f3n del D\u00eda de la Lectura en Andaluc\u00eda\"}]},{\"@type\":\"WebSite\",\"@id\":\"https:\\\/\\\/www.iestorreolvidada.com\\\/#website\",\"url\":\"https:\\\/\\\/www.iestorreolvidada.com\\\/\",\"name\":\"IES Torre Olvidada\",\"description\":\"Instituto de Ense\u00f1anza Secundaria - Torredelcampo\",\"publisher\":{\"@id\":\"https:\\\/\\\/www.iestorreolvidada.com\\\/#organization\"},\"potentialAction\":[{\"@type\":\"SearchAction\",\"target\":{\"@type\":\"EntryPoint\",\"urlTemplate\":\"https:\\\/\\\/www.iestorreolvidada.com\\\/?s={search_term_string}\"},\"query-input\":{\"@type\":\"PropertyValueSpecification\",\"valueRequired\":true,\"valueName\":\"search_term_string\"}}],\"inLanguage\":\"es\"},{\"@type\":\"Organization\",\"@id\":\"https:\\\/\\\/www.iestorreolvidada.com\\\/#organization\",\"name\":\"IES Torre Olvidada\",\"url\":\"https:\\\/\\\/www.iestorreolvidada.com\\\/\",\"logo\":{\"@type\":\"ImageObject\",\"inLanguage\":\"es\",\"@id\":\"https:\\\/\\\/www.iestorreolvidada.com\\\/#\\\/schema\\\/logo\\\/image\\\/\",\"url\":\"https:\\\/\\\/i0.wp.com\\\/www.iestorreolvidada.com\\\/wp-content\\\/uploads\\\/2023\\\/02\\\/LOGO-IES_antiguo-2.jpg?fit=1819%2C2002&ssl=1\",\"contentUrl\":\"https:\\\/\\\/i0.wp.com\\\/www.iestorreolvidada.com\\\/wp-content\\\/uploads\\\/2023\\\/02\\\/LOGO-IES_antiguo-2.jpg?fit=1819%2C2002&ssl=1\",\"width\":1819,\"height\":2002,\"caption\":\"IES Torre Olvidada\"},\"image\":{\"@id\":\"https:\\\/\\\/www.iestorreolvidada.com\\\/#\\\/schema\\\/logo\\\/image\\\/\"},\"sameAs\":[\"https:\\\/\\\/www.facebook.com\\\/iestorreolvidada\",\"https:\\\/\\\/x.com\\\/torre_ies\",\"https:\\\/\\\/www.instagram.com\\\/ies_torre_olvidada\\\/?hl=es\"]},{\"@type\":\"Person\",\"@id\":\"https:\\\/\\\/www.iestorreolvidada.com\\\/#\\\/schema\\\/person\\\/d5b3d5d54511de3cc4b20440de306183\",\"name\":\"IES Torre Olvidada\",\"image\":{\"@type\":\"ImageObject\",\"inLanguage\":\"es\",\"@id\":\"https:\\\/\\\/secure.gravatar.com\\\/avatar\\\/97634abbab78eb99a51cdc7b71ef263856b45acddbb79c08da9aa97d8ecd37ee?s=96&d=mm&r=g\",\"url\":\"https:\\\/\\\/secure.gravatar.com\\\/avatar\\\/97634abbab78eb99a51cdc7b71ef263856b45acddbb79c08da9aa97d8ecd37ee?s=96&d=mm&r=g\",\"contentUrl\":\"https:\\\/\\\/secure.gravatar.com\\\/avatar\\\/97634abbab78eb99a51cdc7b71ef263856b45acddbb79c08da9aa97d8ecd37ee?s=96&d=mm&r=g\",\"caption\":\"IES Torre Olvidada\"},\"url\":\"https:\\\/\\\/www.iestorreolvidada.com\\\/index.php\\\/author\\\/comunicacion_trrolvdd\\\/\"}]}<\/script>\n<!-- \/ Yoast SEO plugin. -->","yoast_head_json":{"title":"Celebraci\u00f3n del D\u00eda de la Lectura en Andaluc\u00eda - IES Torre Olvidada","description":"Celebraci\u00f3n del D\u00eda de la Lectura en Andaluc\u00eda, Biblioteca, Franc\u00e9s, Torre Olvidada,","robots":{"index":"index","follow":"follow","max-snippet":"max-snippet:-1","max-image-preview":"max-image-preview:large","max-video-preview":"max-video-preview:-1"},"canonical":"https:\/\/www.iestorreolvidada.com\/index.php\/2023\/12\/15\/celebracion-del-dia-de-la-lectura-en-andalucia\/","og_locale":"es_ES","og_type":"article","og_title":"Celebraci\u00f3n del D\u00eda de la Lectura en Andaluc\u00eda - IES Torre Olvidada","og_description":"Celebraci\u00f3n del D\u00eda de la Lectura en Andaluc\u00eda, Biblioteca, Franc\u00e9s, Torre Olvidada,","og_url":"https:\/\/www.iestorreolvidada.com\/index.php\/2023\/12\/15\/celebracion-del-dia-de-la-lectura-en-andalucia\/","og_site_name":"IES Torre Olvidada","article_publisher":"https:\/\/www.facebook.com\/iestorreolvidada","article_published_time":"2023-12-15T11:33:14+00:00","og_image":[{"width":338,"height":513,"url":"https:\/\/www.iestorreolvidada.com\/wp-content\/uploads\/2023\/12\/Dia-lectura.png","type":"image\/png"}],"author":"IES Torre Olvidada","twitter_card":"summary_large_image","twitter_creator":"@torre_ies","twitter_site":"@torre_ies","twitter_misc":{"Escrito por":"IES Torre Olvidada","Tiempo de lectura":"1 minuto"},"schema":{"@context":"https:\/\/schema.org","@graph":[{"@type":"Article","@id":"https:\/\/www.iestorreolvidada.com\/index.php\/2023\/12\/15\/celebracion-del-dia-de-la-lectura-en-andalucia\/#article","isPartOf":{"@id":"https:\/\/www.iestorreolvidada.com\/index.php\/2023\/12\/15\/celebracion-del-dia-de-la-lectura-en-andalucia\/"},"author":{"name":"IES Torre Olvidada","@id":"https:\/\/www.iestorreolvidada.com\/#\/schema\/person\/d5b3d5d54511de3cc4b20440de306183"},"headline":"Celebraci\u00f3n del D\u00eda de la Lectura en Andaluc\u00eda","datePublished":"2023-12-15T11:33:14+00:00","mainEntityOfPage":{"@id":"https:\/\/www.iestorreolvidada.com\/index.php\/2023\/12\/15\/celebracion-del-dia-de-la-lectura-en-andalucia\/"},"wordCount":150,"commentCount":0,"publisher":{"@id":"https:\/\/www.iestorreolvidada.com\/#organization"},"image":{"@id":"https:\/\/www.iestorreolvidada.com\/index.php\/2023\/12\/15\/celebracion-del-dia-de-la-lectura-en-andalucia\/#primaryimage"},"thumbnailUrl":"https:\/\/www.iestorreolvidada.com\/wp-content\/uploads\/2023\/12\/Dia-lectura.png","keywords":["Biblioteca","Lectura"],"articleSection":["Biblioteca","Novedades"],"inLanguage":"es","potentialAction":[{"@type":"CommentAction","name":"Comment","target":["https:\/\/www.iestorreolvidada.com\/index.php\/2023\/12\/15\/celebracion-del-dia-de-la-lectura-en-andalucia\/#respond"]}]},{"@type":"WebPage","@id":"https:\/\/www.iestorreolvidada.com\/index.php\/2023\/12\/15\/celebracion-del-dia-de-la-lectura-en-andalucia\/","url":"https:\/\/www.iestorreolvidada.com\/index.php\/2023\/12\/15\/celebracion-del-dia-de-la-lectura-en-andalucia\/","name":"Celebraci\u00f3n del D\u00eda de la Lectura en Andaluc\u00eda - IES Torre Olvidada","isPartOf":{"@id":"https:\/\/www.iestorreolvidada.com\/#website"},"primaryImageOfPage":{"@id":"https:\/\/www.iestorreolvidada.com\/index.php\/2023\/12\/15\/celebracion-del-dia-de-la-lectura-en-andalucia\/#primaryimage"},"image":{"@id":"https:\/\/www.iestorreolvidada.com\/index.php\/2023\/12\/15\/celebracion-del-dia-de-la-lectura-en-andalucia\/#primaryimage"},"thumbnailUrl":"https:\/\/www.iestorreolvidada.com\/wp-content\/uploads\/2023\/12\/Dia-lectura.png","datePublished":"2023-12-15T11:33:14+00:00","description":"Celebraci\u00f3n del D\u00eda de la Lectura en Andaluc\u00eda, Biblioteca, Franc\u00e9s, Torre Olvidada,","breadcrumb":{"@id":"https:\/\/www.iestorreolvidada.com\/index.php\/2023\/12\/15\/celebracion-del-dia-de-la-lectura-en-andalucia\/#breadcrumb"},"inLanguage":"es","potentialAction":[{"@type":"ReadAction","target":["https:\/\/www.iestorreolvidada.com\/index.php\/2023\/12\/15\/celebracion-del-dia-de-la-lectura-en-andalucia\/"]}]},{"@type":"ImageObject","inLanguage":"es","@id":"https:\/\/www.iestorreolvidada.com\/index.php\/2023\/12\/15\/celebracion-del-dia-de-la-lectura-en-andalucia\/#primaryimage","url":"https:\/\/www.iestorreolvidada.com\/wp-content\/uploads\/2023\/12\/Dia-lectura.png","contentUrl":"https:\/\/www.iestorreolvidada.com\/wp-content\/uploads\/2023\/12\/Dia-lectura.png","width":338,"height":513},{"@type":"BreadcrumbList","@id":"https:\/\/www.iestorreolvidada.com\/index.php\/2023\/12\/15\/celebracion-del-dia-de-la-lectura-en-andalucia\/#breadcrumb","itemListElement":[{"@type":"ListItem","position":1,"name":"Portada","item":"https:\/\/www.iestorreolvidada.com\/"},{"@type":"ListItem","position":2,"name":"Celebraci\u00f3n del D\u00eda de la Lectura en Andaluc\u00eda"}]},{"@type":"WebSite","@id":"https:\/\/www.iestorreolvidada.com\/#website","url":"https:\/\/www.iestorreolvidada.com\/","name":"IES Torre Olvidada","description":"Instituto de Ense\u00f1anza Secundaria - Torredelcampo","publisher":{"@id":"https:\/\/www.iestorreolvidada.com\/#organization"},"potentialAction":[{"@type":"SearchAction","target":{"@type":"EntryPoint","urlTemplate":"https:\/\/www.iestorreolvidada.com\/?s={search_term_string}"},"query-input":{"@type":"PropertyValueSpecification","valueRequired":true,"valueName":"search_term_string"}}],"inLanguage":"es"},{"@type":"Organization","@id":"https:\/\/www.iestorreolvidada.com\/#organization","name":"IES Torre Olvidada","url":"https:\/\/www.iestorreolvidada.com\/","logo":{"@type":"ImageObject","inLanguage":"es","@id":"https:\/\/www.iestorreolvidada.com\/#\/schema\/logo\/image\/","url":"https:\/\/i0.wp.com\/www.iestorreolvidada.com\/wp-content\/uploads\/2023\/02\/LOGO-IES_antiguo-2.jpg?fit=1819%2C2002&ssl=1","contentUrl":"https:\/\/i0.wp.com\/www.iestorreolvidada.com\/wp-content\/uploads\/2023\/02\/LOGO-IES_antiguo-2.jpg?fit=1819%2C2002&ssl=1","width":1819,"height":2002,"caption":"IES Torre Olvidada"},"image":{"@id":"https:\/\/www.iestorreolvidada.com\/#\/schema\/logo\/image\/"},"sameAs":["https:\/\/www.facebook.com\/iestorreolvidada","https:\/\/x.com\/torre_ies","https:\/\/www.instagram.com\/ies_torre_olvidada\/?hl=es"]},{"@type":"Person","@id":"https:\/\/www.iestorreolvidada.com\/#\/schema\/person\/d5b3d5d54511de3cc4b20440de306183","name":"IES Torre Olvidada","image":{"@type":"ImageObject","inLanguage":"es","@id":"https:\/\/secure.gravatar.com\/avatar\/97634abbab78eb99a51cdc7b71ef263856b45acddbb79c08da9aa97d8ecd37ee?s=96&d=mm&r=g","url":"https:\/\/secure.gravatar.com\/avatar\/97634abbab78eb99a51cdc7b71ef263856b45acddbb79c08da9aa97d8ecd37ee?s=96&d=mm&r=g","contentUrl":"https:\/\/secure.gravatar.com\/avatar\/97634abbab78eb99a51cdc7b71ef263856b45acddbb79c08da9aa97d8ecd37ee?s=96&d=mm&r=g","caption":"IES Torre Olvidada"},"url":"https:\/\/www.iestorreolvidada.com\/index.php\/author\/comunicacion_trrolvdd\/"}]}},"jetpack_publicize_connections":[],"jetpack_featured_media_url":"https:\/\/www.iestorreolvidada.com\/wp-content\/uploads\/2023\/12\/Dia-lectura.png","jetpack-related-posts":[],"jetpack_shortlink":"https:\/\/wp.me\/pemPlE-19L","jetpack_sharing_enabled":true,"_links":{"self":[{"href":"https:\/\/www.iestorreolvidada.com\/index.php\/wp-json\/wp\/v2\/posts\/4449","targetHints":{"allow":["GET"]}}],"collection":[{"href":"https:\/\/www.iestorreolvidada.com\/index.php\/wp-json\/wp\/v2\/posts"}],"about":[{"href":"https:\/\/www.iestorreolvidada.com\/index.php\/wp-json\/wp\/v2\/types\/post"}],"author":[{"embeddable":true,"href":"https:\/\/www.iestorreolvidada.com\/index.php\/wp-json\/wp\/v2\/users\/2"}],"replies":[{"embeddable":true,"href":"https:\/\/www.iestorreolvidada.com\/index.php\/wp-json\/wp\/v2\/comments?post=4449"}],"version-history":[{"count":1,"href":"https:\/\/www.iestorreolvidada.com\/index.php\/wp-json\/wp\/v2\/posts\/4449\/revisions"}],"predecessor-version":[{"id":4451,"href":"https:\/\/www.iestorreolvidada.com\/index.php\/wp-json\/wp\/v2\/posts\/4449\/revisions\/4451"}],"wp:featuredmedia":[{"embeddable":true,"href":"https:\/\/www.iestorreolvidada.com\/index.php\/wp-json\/wp\/v2\/media\/4450"}],"wp:attachment":[{"href":"https:\/\/www.iestorreolvidada.com\/index.php\/wp-json\/wp\/v2\/media?parent=4449"}],"wp:term":[{"taxonomy":"category","embeddable":true,"href":"https:\/\/www.iestorreolvidada.com\/index.php\/wp-json\/wp\/v2\/categories?post=4449"},{"taxonomy":"post_tag","embeddable":true,"href":"https:\/\/www.iestorreolvidada.com\/index.php\/wp-json\/wp\/v2\/tags?post=4449"}],"curies":[{"name":"wp","href":"https:\/\/api.w.org\/{rel}","templated":true}]}}