{"id":4453,"date":"2023-12-20T11:28:26","date_gmt":"2023-12-20T11:28:26","guid":{"rendered":"https:\/\/www.iestorreolvidada.com\/?p=4453"},"modified":"2023-12-20T11:28:26","modified_gmt":"2023-12-20T11:28:26","slug":"visita-al-centro-de-dia-arrayan","status":"publish","type":"post","link":"https:\/\/www.iestorreolvidada.com\/index.php\/2023\/12\/20\/visita-al-centro-de-dia-arrayan\/","title":{"rendered":"Visita al Centro de D\u00eda \u00abArray\u00e1n\u00bb"},"content":{"rendered":"<div>Los alumnos y alumnas ganadores del concurso de postales biling\u00fces han visitado el Centro de D\u00eda para Mayores \u00abArray\u00e1n\u00bb. Hemos podido charlar y compartir con nuestros queridos mayores unos buenos momentos y obsequiarlos con nuestras postales navide\u00f1as. Feliz Navidad para todos ellos.<\/div>\n<div><a href=\"https:\/\/www.facebook.com\/uedtorredelcampo\/?locale=es_ES\">Centro de D\u00eda \u00abArray\u00e1n\u00bb<\/a><\/div>\n<div><\/div>\n<div><img loading=\"lazy\" decoding=\"async\" class=\"alignleft size-medium wp-image-4455\" src=\"https:\/\/www.iestorreolvidada.com\/wp-content\/uploads\/2023\/12\/20231220_105419-300x225.jpg\" alt=\"\" width=\"300\" height=\"225\" \/> <img loading=\"lazy\" decoding=\"async\" class=\"alignleft size-medium wp-image-4456\" src=\"https:\/\/www.iestorreolvidada.com\/wp-content\/uploads\/2023\/12\/20231220_105436-300x225.jpg\" alt=\"\" width=\"300\" height=\"225\" \/> <img loading=\"lazy\" decoding=\"async\" class=\"alignleft size-medium wp-image-4457\" src=\"https:\/\/www.iestorreolvidada.com\/wp-content\/uploads\/2023\/12\/20231220_105213-300x225.jpg\" alt=\"\" width=\"300\" height=\"225\" \/> <img loading=\"lazy\" decoding=\"async\" class=\"alignleft size-medium wp-image-4458\" src=\"https:\/\/www.iestorreolvidada.com\/wp-content\/uploads\/2023\/12\/20231220_105409-300x225.jpg\" alt=\"\" width=\"300\" height=\"225\" \/> <img loading=\"lazy\" decoding=\"async\" class=\"alignleft size-medium wp-image-4459\" src=\"https:\/\/www.iestorreolvidada.com\/wp-content\/uploads\/2023\/12\/20231220_105422-300x225.jpg\" alt=\"\" width=\"300\" height=\"225\" \/> <img loading=\"lazy\" decoding=\"async\" class=\"alignleft size-medium wp-image-4460\" src=\"https:\/\/www.iestorreolvidada.com\/wp-content\/uploads\/2023\/12\/20231220_105153-300x225.jpg\" alt=\"\" width=\"300\" height=\"225\" \/> <img loading=\"lazy\" decoding=\"async\" class=\"alignleft size-medium wp-image-4461\" src=\"https:\/\/www.iestorreolvidada.com\/wp-content\/uploads\/2023\/12\/20231220_105103-300x225.jpg\" alt=\"\" width=\"300\" height=\"225\" \/> <img loading=\"lazy\" decoding=\"async\" class=\"alignleft size-medium wp-image-4462\" src=\"https:\/\/www.iestorreolvidada.com\/wp-content\/uploads\/2023\/12\/20231220_105022-300x225.jpg\" alt=\"\" width=\"300\" height=\"225\" \/> <img loading=\"lazy\" decoding=\"async\" class=\"alignleft size-medium wp-image-4463\" src=\"https:\/\/www.iestorreolvidada.com\/wp-content\/uploads\/2023\/12\/20231220_104628-300x225.jpg\" alt=\"\" width=\"300\" height=\"225\" \/> <img loading=\"lazy\" decoding=\"async\" class=\"alignleft size-medium wp-image-4464\" src=\"https:\/\/www.iestorreolvidada.com\/wp-content\/uploads\/2023\/12\/20231220_104507-1-300x225.jpg\" alt=\"\" width=\"300\" height=\"225\" \/> <img loading=\"lazy\" decoding=\"async\" class=\"alignleft size-medium wp-image-4465\" src=\"https:\/\/www.iestorreolvidada.com\/wp-content\/uploads\/2023\/12\/20231220_104953-300x225.jpg\" alt=\"\" width=\"300\" height=\"225\" \/> <img loading=\"lazy\" decoding=\"async\" class=\"alignleft size-medium wp-image-4466\" src=\"https:\/\/www.iestorreolvidada.com\/wp-content\/uploads\/2023\/12\/20231220_105400-300x225.jpg\" alt=\"\" width=\"300\" height=\"225\" \/> <img loading=\"lazy\" decoding=\"async\" class=\"alignleft size-medium wp-image-4467\" src=\"https:\/\/www.iestorreolvidada.com\/wp-content\/uploads\/2023\/12\/20231220_105118-300x225.jpg\" alt=\"\" width=\"300\" height=\"225\" \/><\/div>\n<div><\/div>\n<div id=\"m_-8174883926962415590x_ms-outlook-mobile-signature\" dir=\"auto\"><\/div>\n","protected":false},"excerpt":{"rendered":"<p>Los alumnos y alumnas ganadores del concurso de postales biling\u00fces han visitado el Centro de D\u00eda para Mayores \u00abArray\u00e1n\u00bb. Hemos podido charlar y compartir con nuestros queridos mayores unos buenos momentos y obsequiarlos con nuestras postales navide\u00f1as. Feliz Navidad para todos ellos. Centro de D\u00eda \u00abArray\u00e1n\u00bb<\/p>\n","protected":false},"author":2,"featured_media":4454,"comment_status":"open","ping_status":"open","sticky":false,"template":"","format":"standard","meta":{"_et_pb_use_builder":"","_et_pb_old_content":"","_et_gb_content_width":"","_monsterinsights_skip_tracking":false,"_monsterinsights_sitenote_active":false,"_monsterinsights_sitenote_note":"","_monsterinsights_sitenote_category":0,"_jetpack_memberships_contains_paid_content":false,"footnotes":"","jetpack_publicize_message":"","jetpack_publicize_feature_enabled":true,"jetpack_social_post_already_shared":true,"jetpack_social_options":{"image_generator_settings":{"template":"highway","default_image_id":0,"font":"","enabled":false},"version":2}},"categories":[41,11,2],"tags":[33,49],"class_list":["post-4453","post","type-post","status-publish","format-standard","has-post-thumbnail","hentry","category-frances","category-ingles","category-novedades","tag-erasmus","tag-solidaridad"],"yoast_head":"<!-- This site is optimized with the Yoast SEO plugin v27.4 - https:\/\/yoast.com\/product\/yoast-seo-wordpress\/ -->\n<title>Visita al Centro de D\u00eda &quot;Array\u00e1n&quot; - IES Torre Olvidada<\/title>\n<meta name=\"description\" content=\"Visita al Centro de D\u00eda &quot;Array\u00e1n&quot;, IES Torre Olvidada, postales navide\u00f1as biling\u00fces, Ingl\u00e9s y Franc\u00e9s\" \/>\n<meta name=\"robots\" content=\"index, follow, max-snippet:-1, max-image-preview:large, max-video-preview:-1\" \/>\n<link rel=\"canonical\" href=\"https:\/\/www.iestorreolvidada.com\/index.php\/2023\/12\/20\/visita-al-centro-de-dia-arrayan\/\" \/>\n<meta property=\"og:locale\" content=\"es_ES\" \/>\n<meta property=\"og:type\" content=\"article\" \/>\n<meta property=\"og:title\" content=\"Visita al Centro de D\u00eda &quot;Array\u00e1n&quot; - IES Torre Olvidada\" \/>\n<meta property=\"og:description\" content=\"Visita al Centro de D\u00eda &quot;Array\u00e1n&quot;, IES Torre Olvidada, postales navide\u00f1as biling\u00fces, Ingl\u00e9s y Franc\u00e9s\" \/>\n<meta property=\"og:url\" content=\"https:\/\/www.iestorreolvidada.com\/index.php\/2023\/12\/20\/visita-al-centro-de-dia-arrayan\/\" \/>\n<meta property=\"og:site_name\" content=\"IES Torre Olvidada\" \/>\n<meta property=\"article:publisher\" content=\"https:\/\/www.facebook.com\/iestorreolvidada\" \/>\n<meta property=\"article:published_time\" content=\"2023-12-20T11:28:26+00:00\" \/>\n<meta property=\"og:image\" content=\"https:\/\/www.iestorreolvidada.com\/wp-content\/uploads\/2023\/12\/20231220_104507.jpg\" \/>\n\t<meta property=\"og:image:width\" content=\"2040\" \/>\n\t<meta property=\"og:image:height\" content=\"1530\" \/>\n\t<meta property=\"og:image:type\" content=\"image\/jpeg\" \/>\n<meta name=\"author\" content=\"IES Torre Olvidada\" \/>\n<meta name=\"twitter:card\" content=\"summary_large_image\" \/>\n<meta name=\"twitter:creator\" content=\"@torre_ies\" \/>\n<meta name=\"twitter:site\" content=\"@torre_ies\" \/>\n<meta name=\"twitter:label1\" content=\"Escrito por\" \/>\n\t<meta name=\"twitter:data1\" content=\"IES Torre Olvidada\" \/>\n\t<meta name=\"twitter:label2\" content=\"Tiempo de lectura\" \/>\n\t<meta name=\"twitter:data2\" content=\"4 minutos\" \/>\n<script type=\"application\/ld+json\" class=\"yoast-schema-graph\">{\"@context\":\"https:\\\/\\\/schema.org\",\"@graph\":[{\"@type\":\"Article\",\"@id\":\"https:\\\/\\\/www.iestorreolvidada.com\\\/index.php\\\/2023\\\/12\\\/20\\\/visita-al-centro-de-dia-arrayan\\\/#article\",\"isPartOf\":{\"@id\":\"https:\\\/\\\/www.iestorreolvidada.com\\\/index.php\\\/2023\\\/12\\\/20\\\/visita-al-centro-de-dia-arrayan\\\/\"},\"author\":{\"name\":\"IES Torre Olvidada\",\"@id\":\"https:\\\/\\\/www.iestorreolvidada.com\\\/#\\\/schema\\\/person\\\/d5b3d5d54511de3cc4b20440de306183\"},\"headline\":\"Visita al Centro de D\u00eda \u00abArray\u00e1n\u00bb\",\"datePublished\":\"2023-12-20T11:28:26+00:00\",\"mainEntityOfPage\":{\"@id\":\"https:\\\/\\\/www.iestorreolvidada.com\\\/index.php\\\/2023\\\/12\\\/20\\\/visita-al-centro-de-dia-arrayan\\\/\"},\"wordCount\":60,\"commentCount\":0,\"publisher\":{\"@id\":\"https:\\\/\\\/www.iestorreolvidada.com\\\/#organization\"},\"image\":{\"@id\":\"https:\\\/\\\/www.iestorreolvidada.com\\\/index.php\\\/2023\\\/12\\\/20\\\/visita-al-centro-de-dia-arrayan\\\/#primaryimage\"},\"thumbnailUrl\":\"https:\\\/\\\/www.iestorreolvidada.com\\\/wp-content\\\/uploads\\\/2023\\\/12\\\/20231220_104507.jpg\",\"keywords\":[\"Erasmus+\",\"Solidaridad\"],\"articleSection\":[\"Franc\u00e9s\",\"Ingl\u00e9s\",\"Novedades\"],\"inLanguage\":\"es\",\"potentialAction\":[{\"@type\":\"CommentAction\",\"name\":\"Comment\",\"target\":[\"https:\\\/\\\/www.iestorreolvidada.com\\\/index.php\\\/2023\\\/12\\\/20\\\/visita-al-centro-de-dia-arrayan\\\/#respond\"]}]},{\"@type\":\"WebPage\",\"@id\":\"https:\\\/\\\/www.iestorreolvidada.com\\\/index.php\\\/2023\\\/12\\\/20\\\/visita-al-centro-de-dia-arrayan\\\/\",\"url\":\"https:\\\/\\\/www.iestorreolvidada.com\\\/index.php\\\/2023\\\/12\\\/20\\\/visita-al-centro-de-dia-arrayan\\\/\",\"name\":\"Visita al Centro de D\u00eda \\\"Array\u00e1n\\\" - IES Torre Olvidada\",\"isPartOf\":{\"@id\":\"https:\\\/\\\/www.iestorreolvidada.com\\\/#website\"},\"primaryImageOfPage\":{\"@id\":\"https:\\\/\\\/www.iestorreolvidada.com\\\/index.php\\\/2023\\\/12\\\/20\\\/visita-al-centro-de-dia-arrayan\\\/#primaryimage\"},\"image\":{\"@id\":\"https:\\\/\\\/www.iestorreolvidada.com\\\/index.php\\\/2023\\\/12\\\/20\\\/visita-al-centro-de-dia-arrayan\\\/#primaryimage\"},\"thumbnailUrl\":\"https:\\\/\\\/www.iestorreolvidada.com\\\/wp-content\\\/uploads\\\/2023\\\/12\\\/20231220_104507.jpg\",\"datePublished\":\"2023-12-20T11:28:26+00:00\",\"description\":\"Visita al Centro de D\u00eda \\\"Array\u00e1n\\\", IES Torre Olvidada, postales navide\u00f1as biling\u00fces, Ingl\u00e9s y Franc\u00e9s\",\"breadcrumb\":{\"@id\":\"https:\\\/\\\/www.iestorreolvidada.com\\\/index.php\\\/2023\\\/12\\\/20\\\/visita-al-centro-de-dia-arrayan\\\/#breadcrumb\"},\"inLanguage\":\"es\",\"potentialAction\":[{\"@type\":\"ReadAction\",\"target\":[\"https:\\\/\\\/www.iestorreolvidada.com\\\/index.php\\\/2023\\\/12\\\/20\\\/visita-al-centro-de-dia-arrayan\\\/\"]}]},{\"@type\":\"ImageObject\",\"inLanguage\":\"es\",\"@id\":\"https:\\\/\\\/www.iestorreolvidada.com\\\/index.php\\\/2023\\\/12\\\/20\\\/visita-al-centro-de-dia-arrayan\\\/#primaryimage\",\"url\":\"https:\\\/\\\/www.iestorreolvidada.com\\\/wp-content\\\/uploads\\\/2023\\\/12\\\/20231220_104507.jpg\",\"contentUrl\":\"https:\\\/\\\/www.iestorreolvidada.com\\\/wp-content\\\/uploads\\\/2023\\\/12\\\/20231220_104507.jpg\",\"width\":2040,\"height\":1530},{\"@type\":\"BreadcrumbList\",\"@id\":\"https:\\\/\\\/www.iestorreolvidada.com\\\/index.php\\\/2023\\\/12\\\/20\\\/visita-al-centro-de-dia-arrayan\\\/#breadcrumb\",\"itemListElement\":[{\"@type\":\"ListItem\",\"position\":1,\"name\":\"Portada\",\"item\":\"https:\\\/\\\/www.iestorreolvidada.com\\\/\"},{\"@type\":\"ListItem\",\"position\":2,\"name\":\"Visita al Centro de D\u00eda \u00abArray\u00e1n\u00bb\"}]},{\"@type\":\"WebSite\",\"@id\":\"https:\\\/\\\/www.iestorreolvidada.com\\\/#website\",\"url\":\"https:\\\/\\\/www.iestorreolvidada.com\\\/\",\"name\":\"IES Torre Olvidada\",\"description\":\"Instituto de Ense\u00f1anza Secundaria - Torredelcampo\",\"publisher\":{\"@id\":\"https:\\\/\\\/www.iestorreolvidada.com\\\/#organization\"},\"potentialAction\":[{\"@type\":\"SearchAction\",\"target\":{\"@type\":\"EntryPoint\",\"urlTemplate\":\"https:\\\/\\\/www.iestorreolvidada.com\\\/?s={search_term_string}\"},\"query-input\":{\"@type\":\"PropertyValueSpecification\",\"valueRequired\":true,\"valueName\":\"search_term_string\"}}],\"inLanguage\":\"es\"},{\"@type\":\"Organization\",\"@id\":\"https:\\\/\\\/www.iestorreolvidada.com\\\/#organization\",\"name\":\"IES Torre Olvidada\",\"url\":\"https:\\\/\\\/www.iestorreolvidada.com\\\/\",\"logo\":{\"@type\":\"ImageObject\",\"inLanguage\":\"es\",\"@id\":\"https:\\\/\\\/www.iestorreolvidada.com\\\/#\\\/schema\\\/logo\\\/image\\\/\",\"url\":\"https:\\\/\\\/i0.wp.com\\\/www.iestorreolvidada.com\\\/wp-content\\\/uploads\\\/2023\\\/02\\\/LOGO-IES_antiguo-2.jpg?fit=1819%2C2002&ssl=1\",\"contentUrl\":\"https:\\\/\\\/i0.wp.com\\\/www.iestorreolvidada.com\\\/wp-content\\\/uploads\\\/2023\\\/02\\\/LOGO-IES_antiguo-2.jpg?fit=1819%2C2002&ssl=1\",\"width\":1819,\"height\":2002,\"caption\":\"IES Torre Olvidada\"},\"image\":{\"@id\":\"https:\\\/\\\/www.iestorreolvidada.com\\\/#\\\/schema\\\/logo\\\/image\\\/\"},\"sameAs\":[\"https:\\\/\\\/www.facebook.com\\\/iestorreolvidada\",\"https:\\\/\\\/x.com\\\/torre_ies\",\"https:\\\/\\\/www.instagram.com\\\/ies_torre_olvidada\\\/?hl=es\"]},{\"@type\":\"Person\",\"@id\":\"https:\\\/\\\/www.iestorreolvidada.com\\\/#\\\/schema\\\/person\\\/d5b3d5d54511de3cc4b20440de306183\",\"name\":\"IES Torre Olvidada\",\"image\":{\"@type\":\"ImageObject\",\"inLanguage\":\"es\",\"@id\":\"https:\\\/\\\/secure.gravatar.com\\\/avatar\\\/97634abbab78eb99a51cdc7b71ef263856b45acddbb79c08da9aa97d8ecd37ee?s=96&d=mm&r=g\",\"url\":\"https:\\\/\\\/secure.gravatar.com\\\/avatar\\\/97634abbab78eb99a51cdc7b71ef263856b45acddbb79c08da9aa97d8ecd37ee?s=96&d=mm&r=g\",\"contentUrl\":\"https:\\\/\\\/secure.gravatar.com\\\/avatar\\\/97634abbab78eb99a51cdc7b71ef263856b45acddbb79c08da9aa97d8ecd37ee?s=96&d=mm&r=g\",\"caption\":\"IES Torre Olvidada\"},\"url\":\"https:\\\/\\\/www.iestorreolvidada.com\\\/index.php\\\/author\\\/comunicacion_trrolvdd\\\/\"}]}<\/script>\n<!-- \/ Yoast SEO plugin. -->","yoast_head_json":{"title":"Visita al Centro de D\u00eda \"Array\u00e1n\" - IES Torre Olvidada","description":"Visita al Centro de D\u00eda \"Array\u00e1n\", IES Torre Olvidada, postales navide\u00f1as biling\u00fces, Ingl\u00e9s y Franc\u00e9s","robots":{"index":"index","follow":"follow","max-snippet":"max-snippet:-1","max-image-preview":"max-image-preview:large","max-video-preview":"max-video-preview:-1"},"canonical":"https:\/\/www.iestorreolvidada.com\/index.php\/2023\/12\/20\/visita-al-centro-de-dia-arrayan\/","og_locale":"es_ES","og_type":"article","og_title":"Visita al Centro de D\u00eda \"Array\u00e1n\" - IES Torre Olvidada","og_description":"Visita al Centro de D\u00eda \"Array\u00e1n\", IES Torre Olvidada, postales navide\u00f1as biling\u00fces, Ingl\u00e9s y Franc\u00e9s","og_url":"https:\/\/www.iestorreolvidada.com\/index.php\/2023\/12\/20\/visita-al-centro-de-dia-arrayan\/","og_site_name":"IES Torre Olvidada","article_publisher":"https:\/\/www.facebook.com\/iestorreolvidada","article_published_time":"2023-12-20T11:28:26+00:00","og_image":[{"width":2040,"height":1530,"url":"https:\/\/www.iestorreolvidada.com\/wp-content\/uploads\/2023\/12\/20231220_104507.jpg","type":"image\/jpeg"}],"author":"IES Torre Olvidada","twitter_card":"summary_large_image","twitter_creator":"@torre_ies","twitter_site":"@torre_ies","twitter_misc":{"Escrito por":"IES Torre Olvidada","Tiempo de lectura":"4 minutos"},"schema":{"@context":"https:\/\/schema.org","@graph":[{"@type":"Article","@id":"https:\/\/www.iestorreolvidada.com\/index.php\/2023\/12\/20\/visita-al-centro-de-dia-arrayan\/#article","isPartOf":{"@id":"https:\/\/www.iestorreolvidada.com\/index.php\/2023\/12\/20\/visita-al-centro-de-dia-arrayan\/"},"author":{"name":"IES Torre Olvidada","@id":"https:\/\/www.iestorreolvidada.com\/#\/schema\/person\/d5b3d5d54511de3cc4b20440de306183"},"headline":"Visita al Centro de D\u00eda \u00abArray\u00e1n\u00bb","datePublished":"2023-12-20T11:28:26+00:00","mainEntityOfPage":{"@id":"https:\/\/www.iestorreolvidada.com\/index.php\/2023\/12\/20\/visita-al-centro-de-dia-arrayan\/"},"wordCount":60,"commentCount":0,"publisher":{"@id":"https:\/\/www.iestorreolvidada.com\/#organization"},"image":{"@id":"https:\/\/www.iestorreolvidada.com\/index.php\/2023\/12\/20\/visita-al-centro-de-dia-arrayan\/#primaryimage"},"thumbnailUrl":"https:\/\/www.iestorreolvidada.com\/wp-content\/uploads\/2023\/12\/20231220_104507.jpg","keywords":["Erasmus+","Solidaridad"],"articleSection":["Franc\u00e9s","Ingl\u00e9s","Novedades"],"inLanguage":"es","potentialAction":[{"@type":"CommentAction","name":"Comment","target":["https:\/\/www.iestorreolvidada.com\/index.php\/2023\/12\/20\/visita-al-centro-de-dia-arrayan\/#respond"]}]},{"@type":"WebPage","@id":"https:\/\/www.iestorreolvidada.com\/index.php\/2023\/12\/20\/visita-al-centro-de-dia-arrayan\/","url":"https:\/\/www.iestorreolvidada.com\/index.php\/2023\/12\/20\/visita-al-centro-de-dia-arrayan\/","name":"Visita al Centro de D\u00eda \"Array\u00e1n\" - IES Torre Olvidada","isPartOf":{"@id":"https:\/\/www.iestorreolvidada.com\/#website"},"primaryImageOfPage":{"@id":"https:\/\/www.iestorreolvidada.com\/index.php\/2023\/12\/20\/visita-al-centro-de-dia-arrayan\/#primaryimage"},"image":{"@id":"https:\/\/www.iestorreolvidada.com\/index.php\/2023\/12\/20\/visita-al-centro-de-dia-arrayan\/#primaryimage"},"thumbnailUrl":"https:\/\/www.iestorreolvidada.com\/wp-content\/uploads\/2023\/12\/20231220_104507.jpg","datePublished":"2023-12-20T11:28:26+00:00","description":"Visita al Centro de D\u00eda \"Array\u00e1n\", IES Torre Olvidada, postales navide\u00f1as biling\u00fces, Ingl\u00e9s y Franc\u00e9s","breadcrumb":{"@id":"https:\/\/www.iestorreolvidada.com\/index.php\/2023\/12\/20\/visita-al-centro-de-dia-arrayan\/#breadcrumb"},"inLanguage":"es","potentialAction":[{"@type":"ReadAction","target":["https:\/\/www.iestorreolvidada.com\/index.php\/2023\/12\/20\/visita-al-centro-de-dia-arrayan\/"]}]},{"@type":"ImageObject","inLanguage":"es","@id":"https:\/\/www.iestorreolvidada.com\/index.php\/2023\/12\/20\/visita-al-centro-de-dia-arrayan\/#primaryimage","url":"https:\/\/www.iestorreolvidada.com\/wp-content\/uploads\/2023\/12\/20231220_104507.jpg","contentUrl":"https:\/\/www.iestorreolvidada.com\/wp-content\/uploads\/2023\/12\/20231220_104507.jpg","width":2040,"height":1530},{"@type":"BreadcrumbList","@id":"https:\/\/www.iestorreolvidada.com\/index.php\/2023\/12\/20\/visita-al-centro-de-dia-arrayan\/#breadcrumb","itemListElement":[{"@type":"ListItem","position":1,"name":"Portada","item":"https:\/\/www.iestorreolvidada.com\/"},{"@type":"ListItem","position":2,"name":"Visita al Centro de D\u00eda \u00abArray\u00e1n\u00bb"}]},{"@type":"WebSite","@id":"https:\/\/www.iestorreolvidada.com\/#website","url":"https:\/\/www.iestorreolvidada.com\/","name":"IES Torre Olvidada","description":"Instituto de Ense\u00f1anza Secundaria - Torredelcampo","publisher":{"@id":"https:\/\/www.iestorreolvidada.com\/#organization"},"potentialAction":[{"@type":"SearchAction","target":{"@type":"EntryPoint","urlTemplate":"https:\/\/www.iestorreolvidada.com\/?s={search_term_string}"},"query-input":{"@type":"PropertyValueSpecification","valueRequired":true,"valueName":"search_term_string"}}],"inLanguage":"es"},{"@type":"Organization","@id":"https:\/\/www.iestorreolvidada.com\/#organization","name":"IES Torre Olvidada","url":"https:\/\/www.iestorreolvidada.com\/","logo":{"@type":"ImageObject","inLanguage":"es","@id":"https:\/\/www.iestorreolvidada.com\/#\/schema\/logo\/image\/","url":"https:\/\/i0.wp.com\/www.iestorreolvidada.com\/wp-content\/uploads\/2023\/02\/LOGO-IES_antiguo-2.jpg?fit=1819%2C2002&ssl=1","contentUrl":"https:\/\/i0.wp.com\/www.iestorreolvidada.com\/wp-content\/uploads\/2023\/02\/LOGO-IES_antiguo-2.jpg?fit=1819%2C2002&ssl=1","width":1819,"height":2002,"caption":"IES Torre Olvidada"},"image":{"@id":"https:\/\/www.iestorreolvidada.com\/#\/schema\/logo\/image\/"},"sameAs":["https:\/\/www.facebook.com\/iestorreolvidada","https:\/\/x.com\/torre_ies","https:\/\/www.instagram.com\/ies_torre_olvidada\/?hl=es"]},{"@type":"Person","@id":"https:\/\/www.iestorreolvidada.com\/#\/schema\/person\/d5b3d5d54511de3cc4b20440de306183","name":"IES Torre Olvidada","image":{"@type":"ImageObject","inLanguage":"es","@id":"https:\/\/secure.gravatar.com\/avatar\/97634abbab78eb99a51cdc7b71ef263856b45acddbb79c08da9aa97d8ecd37ee?s=96&d=mm&r=g","url":"https:\/\/secure.gravatar.com\/avatar\/97634abbab78eb99a51cdc7b71ef263856b45acddbb79c08da9aa97d8ecd37ee?s=96&d=mm&r=g","contentUrl":"https:\/\/secure.gravatar.com\/avatar\/97634abbab78eb99a51cdc7b71ef263856b45acddbb79c08da9aa97d8ecd37ee?s=96&d=mm&r=g","caption":"IES Torre Olvidada"},"url":"https:\/\/www.iestorreolvidada.com\/index.php\/author\/comunicacion_trrolvdd\/"}]}},"jetpack_publicize_connections":[],"jetpack_featured_media_url":"https:\/\/www.iestorreolvidada.com\/wp-content\/uploads\/2023\/12\/20231220_104507.jpg","jetpack-related-posts":[],"jetpack_shortlink":"https:\/\/wp.me\/pemPlE-19P","jetpack_sharing_enabled":true,"_links":{"self":[{"href":"https:\/\/www.iestorreolvidada.com\/index.php\/wp-json\/wp\/v2\/posts\/4453","targetHints":{"allow":["GET"]}}],"collection":[{"href":"https:\/\/www.iestorreolvidada.com\/index.php\/wp-json\/wp\/v2\/posts"}],"about":[{"href":"https:\/\/www.iestorreolvidada.com\/index.php\/wp-json\/wp\/v2\/types\/post"}],"author":[{"embeddable":true,"href":"https:\/\/www.iestorreolvidada.com\/index.php\/wp-json\/wp\/v2\/users\/2"}],"replies":[{"embeddable":true,"href":"https:\/\/www.iestorreolvidada.com\/index.php\/wp-json\/wp\/v2\/comments?post=4453"}],"version-history":[{"count":1,"href":"https:\/\/www.iestorreolvidada.com\/index.php\/wp-json\/wp\/v2\/posts\/4453\/revisions"}],"predecessor-version":[{"id":4468,"href":"https:\/\/www.iestorreolvidada.com\/index.php\/wp-json\/wp\/v2\/posts\/4453\/revisions\/4468"}],"wp:featuredmedia":[{"embeddable":true,"href":"https:\/\/www.iestorreolvidada.com\/index.php\/wp-json\/wp\/v2\/media\/4454"}],"wp:attachment":[{"href":"https:\/\/www.iestorreolvidada.com\/index.php\/wp-json\/wp\/v2\/media?parent=4453"}],"wp:term":[{"taxonomy":"category","embeddable":true,"href":"https:\/\/www.iestorreolvidada.com\/index.php\/wp-json\/wp\/v2\/categories?post=4453"},{"taxonomy":"post_tag","embeddable":true,"href":"https:\/\/www.iestorreolvidada.com\/index.php\/wp-json\/wp\/v2\/tags?post=4453"}],"curies":[{"name":"wp","href":"https:\/\/api.w.org\/{rel}","templated":true}]}}