{"id":4592,"date":"2024-02-19T17:32:27","date_gmt":"2024-02-19T17:32:27","guid":{"rendered":"https:\/\/www.iestorreolvidada.com\/?p=4592"},"modified":"2024-02-19T17:36:21","modified_gmt":"2024-02-19T17:36:21","slug":"tertulia-en-familia-canela-y-sal","status":"publish","type":"post","link":"https:\/\/www.iestorreolvidada.com\/index.php\/2024\/02\/19\/tertulia-en-familia-canela-y-sal\/","title":{"rendered":"Tertulias en familia: \u00abCanela y sal\u00bb"},"content":{"rendered":"<div class=\"et_pb_slider et_pb_slider_fullwidth_off et_pb_gallery_post_type\">\n\t\t\t\t<div class=\"et_pb_slides\">\n\t\t\t\t\t<div class=\"et_pb_slide\" style=\"background: url(https:\/\/www.iestorreolvidada.com\/wp-content\/uploads\/2024\/02\/IMG-20240219-WA0008.jpg);\"><\/div><div class=\"et_pb_slide\" style=\"background: url(https:\/\/www.iestorreolvidada.com\/wp-content\/uploads\/2024\/02\/IMG-20240219-WA0004.jpg);\"><\/div><div class=\"et_pb_slide\" style=\"background: url(https:\/\/www.iestorreolvidada.com\/wp-content\/uploads\/2024\/02\/IMG-20240219-WA0005.jpg);\"><\/div><div class=\"et_pb_slide\" style=\"background: url(https:\/\/www.iestorreolvidada.com\/wp-content\/uploads\/2024\/02\/IMG-20240219-WA0006.jpg);\"><\/div><div class=\"et_pb_slide\" style=\"background: url(https:\/\/www.iestorreolvidada.com\/wp-content\/uploads\/2024\/02\/IMG-20240219-WA0007.jpg);\"><\/div>\n\t\t\t\t<\/div>\n\t\t\t<\/div>\n<p>El pasado mi\u00e9rcoles 14 de febrero, celebramos una nueva edici\u00f3n de las tertulias en familia, en esta ocasi\u00f3n, sobre la obra \u00abCanela y sal\u00bb, de May R Ayamonte, escritora que nos visit\u00f3 el d\u00eda anterior.<\/p>\n<p>Nos alegramos de la gran asistencia de p\u00fablico a la tertulia, ya que m\u00e1s de cuarenta personas entre padres, madres, profesorado y alumnado participaron en la misma. Una tertulia muy interesante, con bastante participaci\u00f3n y con muchas opiniones interesantes.<\/p>\n<p>En esta ocasi\u00f3n, la introducci\u00f3n a la obra fue realizada por Marina Civantos, alumna de 2\u00ba de ESO. Marina ha realizado un v\u00eddeo siguiendo nuestro proyecto \u00abBooktubers\u00bb donde hablaba de la lectura y nos dejaba sus impresiones sobre la misma. \u00a1Enhorabuena, Marina!<\/p>\n<p>Muchas gracias a todos los asistentes por una bonita tarde. Os animamos a participar en la pr\u00f3xima tertulia.<\/p>\n","protected":false},"excerpt":{"rendered":"<p>El pasado mi\u00e9rcoles 14 de febrero, celebramos una nueva edici\u00f3n de las tertulias en familia, en esta ocasi\u00f3n, sobre la obra \u00abCanela y sal\u00bb, de May R Ayamonte, escritora que nos visit\u00f3 el d\u00eda anterior. Nos alegramos de la gran asistencia de p\u00fablico a la tertulia, ya que m\u00e1s de cuarenta personas entre padres, madres, [&hellip;]<\/p>\n","protected":false},"author":2,"featured_media":4595,"comment_status":"open","ping_status":"open","sticky":false,"template":"","format":"standard","meta":{"_et_pb_use_builder":"","_et_pb_old_content":"","_et_gb_content_width":"","_monsterinsights_skip_tracking":false,"_monsterinsights_sitenote_active":false,"_monsterinsights_sitenote_note":"","_monsterinsights_sitenote_category":0,"_jetpack_memberships_contains_paid_content":false,"footnotes":"","jetpack_publicize_message":"","jetpack_publicize_feature_enabled":true,"jetpack_social_post_already_shared":true,"jetpack_social_options":{"image_generator_settings":{"template":"highway","default_image_id":0,"font":"","enabled":false},"version":2}},"categories":[35,13],"tags":[36,50,43],"class_list":["post-4592","post","type-post","status-publish","format-standard","has-post-thumbnail","hentry","category-biblioteca","category-lengua-castellana-noticias","tag-biblioteca","tag-lectura","tag-tertulias-literarias"],"yoast_head":"<!-- This site is optimized with the Yoast SEO plugin v27.4 - https:\/\/yoast.com\/product\/yoast-seo-wordpress\/ -->\n<title>Tertulias en familia: &quot;Canela y sal&quot; - IES Torre Olvidada<\/title>\n<meta name=\"description\" content=\"Tertulia en familia: &quot;Canela y sal&quot; de May R Ayamonte, IES Torre Olvidada, lectura, tertulias en familia, plan lector\" \/>\n<meta name=\"robots\" content=\"index, follow, max-snippet:-1, max-image-preview:large, max-video-preview:-1\" \/>\n<link rel=\"canonical\" href=\"https:\/\/www.iestorreolvidada.com\/index.php\/2024\/02\/19\/tertulia-en-familia-canela-y-sal\/\" \/>\n<meta property=\"og:locale\" content=\"es_ES\" \/>\n<meta property=\"og:type\" content=\"article\" \/>\n<meta property=\"og:title\" content=\"Tertulias en familia: &quot;Canela y sal&quot; - IES Torre Olvidada\" \/>\n<meta property=\"og:description\" content=\"Tertulia en familia: &quot;Canela y sal&quot; de May R Ayamonte, IES Torre Olvidada, lectura, tertulias en familia, plan lector\" \/>\n<meta property=\"og:url\" content=\"https:\/\/www.iestorreolvidada.com\/index.php\/2024\/02\/19\/tertulia-en-familia-canela-y-sal\/\" \/>\n<meta property=\"og:site_name\" content=\"IES Torre Olvidada\" \/>\n<meta property=\"article:publisher\" content=\"https:\/\/www.facebook.com\/iestorreolvidada\" \/>\n<meta property=\"article:published_time\" content=\"2024-02-19T17:32:27+00:00\" \/>\n<meta property=\"article:modified_time\" content=\"2024-02-19T17:36:21+00:00\" \/>\n<meta property=\"og:image\" content=\"https:\/\/www.iestorreolvidada.com\/wp-content\/uploads\/2024\/02\/IMG-20240219-WA0005.jpg\" \/>\n\t<meta property=\"og:image:width\" content=\"2048\" \/>\n\t<meta property=\"og:image:height\" content=\"921\" \/>\n\t<meta property=\"og:image:type\" content=\"image\/jpeg\" \/>\n<meta name=\"author\" content=\"IES Torre Olvidada\" \/>\n<meta name=\"twitter:card\" content=\"summary_large_image\" \/>\n<meta name=\"twitter:creator\" content=\"@torre_ies\" \/>\n<meta name=\"twitter:site\" content=\"@torre_ies\" \/>\n<meta name=\"twitter:label1\" content=\"Escrito por\" \/>\n\t<meta name=\"twitter:data1\" content=\"IES Torre Olvidada\" \/>\n\t<meta name=\"twitter:label2\" content=\"Tiempo de lectura\" \/>\n\t<meta name=\"twitter:data2\" content=\"1 minuto\" \/>\n<script type=\"application\/ld+json\" class=\"yoast-schema-graph\">{\"@context\":\"https:\\\/\\\/schema.org\",\"@graph\":[{\"@type\":\"Article\",\"@id\":\"https:\\\/\\\/www.iestorreolvidada.com\\\/index.php\\\/2024\\\/02\\\/19\\\/tertulia-en-familia-canela-y-sal\\\/#article\",\"isPartOf\":{\"@id\":\"https:\\\/\\\/www.iestorreolvidada.com\\\/index.php\\\/2024\\\/02\\\/19\\\/tertulia-en-familia-canela-y-sal\\\/\"},\"author\":{\"name\":\"IES Torre Olvidada\",\"@id\":\"https:\\\/\\\/www.iestorreolvidada.com\\\/#\\\/schema\\\/person\\\/d5b3d5d54511de3cc4b20440de306183\"},\"headline\":\"Tertulias en familia: \u00abCanela y sal\u00bb\",\"datePublished\":\"2024-02-19T17:32:27+00:00\",\"dateModified\":\"2024-02-19T17:36:21+00:00\",\"mainEntityOfPage\":{\"@id\":\"https:\\\/\\\/www.iestorreolvidada.com\\\/index.php\\\/2024\\\/02\\\/19\\\/tertulia-en-familia-canela-y-sal\\\/\"},\"wordCount\":152,\"commentCount\":0,\"publisher\":{\"@id\":\"https:\\\/\\\/www.iestorreolvidada.com\\\/#organization\"},\"image\":{\"@id\":\"https:\\\/\\\/www.iestorreolvidada.com\\\/index.php\\\/2024\\\/02\\\/19\\\/tertulia-en-familia-canela-y-sal\\\/#primaryimage\"},\"thumbnailUrl\":\"https:\\\/\\\/www.iestorreolvidada.com\\\/wp-content\\\/uploads\\\/2024\\\/02\\\/IMG-20240219-WA0005.jpg\",\"keywords\":[\"Biblioteca\",\"Lectura\",\"Tertulias literarias\"],\"articleSection\":[\"Biblioteca\",\"Lengua Castellana Noticias\"],\"inLanguage\":\"es\",\"potentialAction\":[{\"@type\":\"CommentAction\",\"name\":\"Comment\",\"target\":[\"https:\\\/\\\/www.iestorreolvidada.com\\\/index.php\\\/2024\\\/02\\\/19\\\/tertulia-en-familia-canela-y-sal\\\/#respond\"]}]},{\"@type\":\"WebPage\",\"@id\":\"https:\\\/\\\/www.iestorreolvidada.com\\\/index.php\\\/2024\\\/02\\\/19\\\/tertulia-en-familia-canela-y-sal\\\/\",\"url\":\"https:\\\/\\\/www.iestorreolvidada.com\\\/index.php\\\/2024\\\/02\\\/19\\\/tertulia-en-familia-canela-y-sal\\\/\",\"name\":\"Tertulias en familia: \\\"Canela y sal\\\" - IES Torre Olvidada\",\"isPartOf\":{\"@id\":\"https:\\\/\\\/www.iestorreolvidada.com\\\/#website\"},\"primaryImageOfPage\":{\"@id\":\"https:\\\/\\\/www.iestorreolvidada.com\\\/index.php\\\/2024\\\/02\\\/19\\\/tertulia-en-familia-canela-y-sal\\\/#primaryimage\"},\"image\":{\"@id\":\"https:\\\/\\\/www.iestorreolvidada.com\\\/index.php\\\/2024\\\/02\\\/19\\\/tertulia-en-familia-canela-y-sal\\\/#primaryimage\"},\"thumbnailUrl\":\"https:\\\/\\\/www.iestorreolvidada.com\\\/wp-content\\\/uploads\\\/2024\\\/02\\\/IMG-20240219-WA0005.jpg\",\"datePublished\":\"2024-02-19T17:32:27+00:00\",\"dateModified\":\"2024-02-19T17:36:21+00:00\",\"description\":\"Tertulia en familia: \\\"Canela y sal\\\" de May R Ayamonte, IES Torre Olvidada, lectura, tertulias en familia, plan lector\",\"breadcrumb\":{\"@id\":\"https:\\\/\\\/www.iestorreolvidada.com\\\/index.php\\\/2024\\\/02\\\/19\\\/tertulia-en-familia-canela-y-sal\\\/#breadcrumb\"},\"inLanguage\":\"es\",\"potentialAction\":[{\"@type\":\"ReadAction\",\"target\":[\"https:\\\/\\\/www.iestorreolvidada.com\\\/index.php\\\/2024\\\/02\\\/19\\\/tertulia-en-familia-canela-y-sal\\\/\"]}]},{\"@type\":\"ImageObject\",\"inLanguage\":\"es\",\"@id\":\"https:\\\/\\\/www.iestorreolvidada.com\\\/index.php\\\/2024\\\/02\\\/19\\\/tertulia-en-familia-canela-y-sal\\\/#primaryimage\",\"url\":\"https:\\\/\\\/www.iestorreolvidada.com\\\/wp-content\\\/uploads\\\/2024\\\/02\\\/IMG-20240219-WA0005.jpg\",\"contentUrl\":\"https:\\\/\\\/www.iestorreolvidada.com\\\/wp-content\\\/uploads\\\/2024\\\/02\\\/IMG-20240219-WA0005.jpg\",\"width\":2048,\"height\":921},{\"@type\":\"BreadcrumbList\",\"@id\":\"https:\\\/\\\/www.iestorreolvidada.com\\\/index.php\\\/2024\\\/02\\\/19\\\/tertulia-en-familia-canela-y-sal\\\/#breadcrumb\",\"itemListElement\":[{\"@type\":\"ListItem\",\"position\":1,\"name\":\"Portada\",\"item\":\"https:\\\/\\\/www.iestorreolvidada.com\\\/\"},{\"@type\":\"ListItem\",\"position\":2,\"name\":\"Tertulias en familia: \u00abCanela y sal\u00bb\"}]},{\"@type\":\"WebSite\",\"@id\":\"https:\\\/\\\/www.iestorreolvidada.com\\\/#website\",\"url\":\"https:\\\/\\\/www.iestorreolvidada.com\\\/\",\"name\":\"IES Torre Olvidada\",\"description\":\"Instituto de Ense\u00f1anza Secundaria - Torredelcampo\",\"publisher\":{\"@id\":\"https:\\\/\\\/www.iestorreolvidada.com\\\/#organization\"},\"potentialAction\":[{\"@type\":\"SearchAction\",\"target\":{\"@type\":\"EntryPoint\",\"urlTemplate\":\"https:\\\/\\\/www.iestorreolvidada.com\\\/?s={search_term_string}\"},\"query-input\":{\"@type\":\"PropertyValueSpecification\",\"valueRequired\":true,\"valueName\":\"search_term_string\"}}],\"inLanguage\":\"es\"},{\"@type\":\"Organization\",\"@id\":\"https:\\\/\\\/www.iestorreolvidada.com\\\/#organization\",\"name\":\"IES Torre Olvidada\",\"url\":\"https:\\\/\\\/www.iestorreolvidada.com\\\/\",\"logo\":{\"@type\":\"ImageObject\",\"inLanguage\":\"es\",\"@id\":\"https:\\\/\\\/www.iestorreolvidada.com\\\/#\\\/schema\\\/logo\\\/image\\\/\",\"url\":\"https:\\\/\\\/i0.wp.com\\\/www.iestorreolvidada.com\\\/wp-content\\\/uploads\\\/2023\\\/02\\\/LOGO-IES_antiguo-2.jpg?fit=1819%2C2002&ssl=1\",\"contentUrl\":\"https:\\\/\\\/i0.wp.com\\\/www.iestorreolvidada.com\\\/wp-content\\\/uploads\\\/2023\\\/02\\\/LOGO-IES_antiguo-2.jpg?fit=1819%2C2002&ssl=1\",\"width\":1819,\"height\":2002,\"caption\":\"IES Torre Olvidada\"},\"image\":{\"@id\":\"https:\\\/\\\/www.iestorreolvidada.com\\\/#\\\/schema\\\/logo\\\/image\\\/\"},\"sameAs\":[\"https:\\\/\\\/www.facebook.com\\\/iestorreolvidada\",\"https:\\\/\\\/x.com\\\/torre_ies\",\"https:\\\/\\\/www.instagram.com\\\/ies_torre_olvidada\\\/?hl=es\"]},{\"@type\":\"Person\",\"@id\":\"https:\\\/\\\/www.iestorreolvidada.com\\\/#\\\/schema\\\/person\\\/d5b3d5d54511de3cc4b20440de306183\",\"name\":\"IES Torre Olvidada\",\"image\":{\"@type\":\"ImageObject\",\"inLanguage\":\"es\",\"@id\":\"https:\\\/\\\/secure.gravatar.com\\\/avatar\\\/97634abbab78eb99a51cdc7b71ef263856b45acddbb79c08da9aa97d8ecd37ee?s=96&d=mm&r=g\",\"url\":\"https:\\\/\\\/secure.gravatar.com\\\/avatar\\\/97634abbab78eb99a51cdc7b71ef263856b45acddbb79c08da9aa97d8ecd37ee?s=96&d=mm&r=g\",\"contentUrl\":\"https:\\\/\\\/secure.gravatar.com\\\/avatar\\\/97634abbab78eb99a51cdc7b71ef263856b45acddbb79c08da9aa97d8ecd37ee?s=96&d=mm&r=g\",\"caption\":\"IES Torre Olvidada\"},\"url\":\"https:\\\/\\\/www.iestorreolvidada.com\\\/index.php\\\/author\\\/comunicacion_trrolvdd\\\/\"}]}<\/script>\n<!-- \/ Yoast SEO plugin. -->","yoast_head_json":{"title":"Tertulias en familia: \"Canela y sal\" - IES Torre Olvidada","description":"Tertulia en familia: \"Canela y sal\" de May R Ayamonte, IES Torre Olvidada, lectura, tertulias en familia, plan lector","robots":{"index":"index","follow":"follow","max-snippet":"max-snippet:-1","max-image-preview":"max-image-preview:large","max-video-preview":"max-video-preview:-1"},"canonical":"https:\/\/www.iestorreolvidada.com\/index.php\/2024\/02\/19\/tertulia-en-familia-canela-y-sal\/","og_locale":"es_ES","og_type":"article","og_title":"Tertulias en familia: \"Canela y sal\" - IES Torre Olvidada","og_description":"Tertulia en familia: \"Canela y sal\" de May R Ayamonte, IES Torre Olvidada, lectura, tertulias en familia, plan lector","og_url":"https:\/\/www.iestorreolvidada.com\/index.php\/2024\/02\/19\/tertulia-en-familia-canela-y-sal\/","og_site_name":"IES Torre Olvidada","article_publisher":"https:\/\/www.facebook.com\/iestorreolvidada","article_published_time":"2024-02-19T17:32:27+00:00","article_modified_time":"2024-02-19T17:36:21+00:00","og_image":[{"width":2048,"height":921,"url":"https:\/\/www.iestorreolvidada.com\/wp-content\/uploads\/2024\/02\/IMG-20240219-WA0005.jpg","type":"image\/jpeg"}],"author":"IES Torre Olvidada","twitter_card":"summary_large_image","twitter_creator":"@torre_ies","twitter_site":"@torre_ies","twitter_misc":{"Escrito por":"IES Torre Olvidada","Tiempo de lectura":"1 minuto"},"schema":{"@context":"https:\/\/schema.org","@graph":[{"@type":"Article","@id":"https:\/\/www.iestorreolvidada.com\/index.php\/2024\/02\/19\/tertulia-en-familia-canela-y-sal\/#article","isPartOf":{"@id":"https:\/\/www.iestorreolvidada.com\/index.php\/2024\/02\/19\/tertulia-en-familia-canela-y-sal\/"},"author":{"name":"IES Torre Olvidada","@id":"https:\/\/www.iestorreolvidada.com\/#\/schema\/person\/d5b3d5d54511de3cc4b20440de306183"},"headline":"Tertulias en familia: \u00abCanela y sal\u00bb","datePublished":"2024-02-19T17:32:27+00:00","dateModified":"2024-02-19T17:36:21+00:00","mainEntityOfPage":{"@id":"https:\/\/www.iestorreolvidada.com\/index.php\/2024\/02\/19\/tertulia-en-familia-canela-y-sal\/"},"wordCount":152,"commentCount":0,"publisher":{"@id":"https:\/\/www.iestorreolvidada.com\/#organization"},"image":{"@id":"https:\/\/www.iestorreolvidada.com\/index.php\/2024\/02\/19\/tertulia-en-familia-canela-y-sal\/#primaryimage"},"thumbnailUrl":"https:\/\/www.iestorreolvidada.com\/wp-content\/uploads\/2024\/02\/IMG-20240219-WA0005.jpg","keywords":["Biblioteca","Lectura","Tertulias literarias"],"articleSection":["Biblioteca","Lengua Castellana Noticias"],"inLanguage":"es","potentialAction":[{"@type":"CommentAction","name":"Comment","target":["https:\/\/www.iestorreolvidada.com\/index.php\/2024\/02\/19\/tertulia-en-familia-canela-y-sal\/#respond"]}]},{"@type":"WebPage","@id":"https:\/\/www.iestorreolvidada.com\/index.php\/2024\/02\/19\/tertulia-en-familia-canela-y-sal\/","url":"https:\/\/www.iestorreolvidada.com\/index.php\/2024\/02\/19\/tertulia-en-familia-canela-y-sal\/","name":"Tertulias en familia: \"Canela y sal\" - IES Torre Olvidada","isPartOf":{"@id":"https:\/\/www.iestorreolvidada.com\/#website"},"primaryImageOfPage":{"@id":"https:\/\/www.iestorreolvidada.com\/index.php\/2024\/02\/19\/tertulia-en-familia-canela-y-sal\/#primaryimage"},"image":{"@id":"https:\/\/www.iestorreolvidada.com\/index.php\/2024\/02\/19\/tertulia-en-familia-canela-y-sal\/#primaryimage"},"thumbnailUrl":"https:\/\/www.iestorreolvidada.com\/wp-content\/uploads\/2024\/02\/IMG-20240219-WA0005.jpg","datePublished":"2024-02-19T17:32:27+00:00","dateModified":"2024-02-19T17:36:21+00:00","description":"Tertulia en familia: \"Canela y sal\" de May R Ayamonte, IES Torre Olvidada, lectura, tertulias en familia, plan lector","breadcrumb":{"@id":"https:\/\/www.iestorreolvidada.com\/index.php\/2024\/02\/19\/tertulia-en-familia-canela-y-sal\/#breadcrumb"},"inLanguage":"es","potentialAction":[{"@type":"ReadAction","target":["https:\/\/www.iestorreolvidada.com\/index.php\/2024\/02\/19\/tertulia-en-familia-canela-y-sal\/"]}]},{"@type":"ImageObject","inLanguage":"es","@id":"https:\/\/www.iestorreolvidada.com\/index.php\/2024\/02\/19\/tertulia-en-familia-canela-y-sal\/#primaryimage","url":"https:\/\/www.iestorreolvidada.com\/wp-content\/uploads\/2024\/02\/IMG-20240219-WA0005.jpg","contentUrl":"https:\/\/www.iestorreolvidada.com\/wp-content\/uploads\/2024\/02\/IMG-20240219-WA0005.jpg","width":2048,"height":921},{"@type":"BreadcrumbList","@id":"https:\/\/www.iestorreolvidada.com\/index.php\/2024\/02\/19\/tertulia-en-familia-canela-y-sal\/#breadcrumb","itemListElement":[{"@type":"ListItem","position":1,"name":"Portada","item":"https:\/\/www.iestorreolvidada.com\/"},{"@type":"ListItem","position":2,"name":"Tertulias en familia: \u00abCanela y sal\u00bb"}]},{"@type":"WebSite","@id":"https:\/\/www.iestorreolvidada.com\/#website","url":"https:\/\/www.iestorreolvidada.com\/","name":"IES Torre Olvidada","description":"Instituto de Ense\u00f1anza Secundaria - Torredelcampo","publisher":{"@id":"https:\/\/www.iestorreolvidada.com\/#organization"},"potentialAction":[{"@type":"SearchAction","target":{"@type":"EntryPoint","urlTemplate":"https:\/\/www.iestorreolvidada.com\/?s={search_term_string}"},"query-input":{"@type":"PropertyValueSpecification","valueRequired":true,"valueName":"search_term_string"}}],"inLanguage":"es"},{"@type":"Organization","@id":"https:\/\/www.iestorreolvidada.com\/#organization","name":"IES Torre Olvidada","url":"https:\/\/www.iestorreolvidada.com\/","logo":{"@type":"ImageObject","inLanguage":"es","@id":"https:\/\/www.iestorreolvidada.com\/#\/schema\/logo\/image\/","url":"https:\/\/i0.wp.com\/www.iestorreolvidada.com\/wp-content\/uploads\/2023\/02\/LOGO-IES_antiguo-2.jpg?fit=1819%2C2002&ssl=1","contentUrl":"https:\/\/i0.wp.com\/www.iestorreolvidada.com\/wp-content\/uploads\/2023\/02\/LOGO-IES_antiguo-2.jpg?fit=1819%2C2002&ssl=1","width":1819,"height":2002,"caption":"IES Torre Olvidada"},"image":{"@id":"https:\/\/www.iestorreolvidada.com\/#\/schema\/logo\/image\/"},"sameAs":["https:\/\/www.facebook.com\/iestorreolvidada","https:\/\/x.com\/torre_ies","https:\/\/www.instagram.com\/ies_torre_olvidada\/?hl=es"]},{"@type":"Person","@id":"https:\/\/www.iestorreolvidada.com\/#\/schema\/person\/d5b3d5d54511de3cc4b20440de306183","name":"IES Torre Olvidada","image":{"@type":"ImageObject","inLanguage":"es","@id":"https:\/\/secure.gravatar.com\/avatar\/97634abbab78eb99a51cdc7b71ef263856b45acddbb79c08da9aa97d8ecd37ee?s=96&d=mm&r=g","url":"https:\/\/secure.gravatar.com\/avatar\/97634abbab78eb99a51cdc7b71ef263856b45acddbb79c08da9aa97d8ecd37ee?s=96&d=mm&r=g","contentUrl":"https:\/\/secure.gravatar.com\/avatar\/97634abbab78eb99a51cdc7b71ef263856b45acddbb79c08da9aa97d8ecd37ee?s=96&d=mm&r=g","caption":"IES Torre Olvidada"},"url":"https:\/\/www.iestorreolvidada.com\/index.php\/author\/comunicacion_trrolvdd\/"}]}},"jetpack_publicize_connections":[],"jetpack_featured_media_url":"https:\/\/www.iestorreolvidada.com\/wp-content\/uploads\/2024\/02\/IMG-20240219-WA0005.jpg","jetpack-related-posts":[],"jetpack_shortlink":"https:\/\/wp.me\/pemPlE-1c4","jetpack_sharing_enabled":true,"_links":{"self":[{"href":"https:\/\/www.iestorreolvidada.com\/index.php\/wp-json\/wp\/v2\/posts\/4592","targetHints":{"allow":["GET"]}}],"collection":[{"href":"https:\/\/www.iestorreolvidada.com\/index.php\/wp-json\/wp\/v2\/posts"}],"about":[{"href":"https:\/\/www.iestorreolvidada.com\/index.php\/wp-json\/wp\/v2\/types\/post"}],"author":[{"embeddable":true,"href":"https:\/\/www.iestorreolvidada.com\/index.php\/wp-json\/wp\/v2\/users\/2"}],"replies":[{"embeddable":true,"href":"https:\/\/www.iestorreolvidada.com\/index.php\/wp-json\/wp\/v2\/comments?post=4592"}],"version-history":[{"count":4,"href":"https:\/\/www.iestorreolvidada.com\/index.php\/wp-json\/wp\/v2\/posts\/4592\/revisions"}],"predecessor-version":[{"id":4601,"href":"https:\/\/www.iestorreolvidada.com\/index.php\/wp-json\/wp\/v2\/posts\/4592\/revisions\/4601"}],"wp:featuredmedia":[{"embeddable":true,"href":"https:\/\/www.iestorreolvidada.com\/index.php\/wp-json\/wp\/v2\/media\/4595"}],"wp:attachment":[{"href":"https:\/\/www.iestorreolvidada.com\/index.php\/wp-json\/wp\/v2\/media?parent=4592"}],"wp:term":[{"taxonomy":"category","embeddable":true,"href":"https:\/\/www.iestorreolvidada.com\/index.php\/wp-json\/wp\/v2\/categories?post=4592"},{"taxonomy":"post_tag","embeddable":true,"href":"https:\/\/www.iestorreolvidada.com\/index.php\/wp-json\/wp\/v2\/tags?post=4592"}],"curies":[{"name":"wp","href":"https:\/\/api.w.org\/{rel}","templated":true}]}}