{"id":4668,"date":"2024-04-07T16:56:17","date_gmt":"2024-04-07T16:56:17","guid":{"rendered":"https:\/\/www.iestorreolvidada.com\/?p=4668"},"modified":"2024-04-07T16:56:17","modified_gmt":"2024-04-07T16:56:17","slug":"taller-de-empoderamiento-de-la-mujer","status":"publish","type":"post","link":"https:\/\/www.iestorreolvidada.com\/index.php\/2024\/04\/07\/taller-de-empoderamiento-de-la-mujer\/","title":{"rendered":"Taller de empoderamiento de la mujer"},"content":{"rendered":"<p>El mi\u00e9rcoles pasado nuestro alumnado de primero de ESO recibi\u00f3 un taller sobre empoderamiento de la mujer, a cargo de NOA Formaci\u00f3n. Esta actuaci\u00f3n est\u00e1 incluida en nuestro Plan de Igualdad.<\/p>\n<p><img loading=\"lazy\" decoding=\"async\" class=\"aligncenter size-medium wp-image-4669\" src=\"https:\/\/www.iestorreolvidada.com\/wp-content\/uploads\/2024\/04\/empoderamiento-300x225.jpg\" alt=\"\" width=\"300\" height=\"225\" \/><\/p>\n","protected":false},"excerpt":{"rendered":"<p>El mi\u00e9rcoles pasado nuestro alumnado de primero de ESO recibi\u00f3 un taller sobre empoderamiento de la mujer, a cargo de NOA Formaci\u00f3n. Esta actuaci\u00f3n est\u00e1 incluida en nuestro Plan de Igualdad.<\/p>\n","protected":false},"author":2,"featured_media":4669,"comment_status":"open","ping_status":"open","sticky":false,"template":"","format":"standard","meta":{"_et_pb_use_builder":"","_et_pb_old_content":"","_et_gb_content_width":"","_monsterinsights_skip_tracking":false,"_monsterinsights_sitenote_active":false,"_monsterinsights_sitenote_note":"","_monsterinsights_sitenote_category":0,"_jetpack_memberships_contains_paid_content":false,"footnotes":"","jetpack_publicize_message":"","jetpack_publicize_feature_enabled":true,"jetpack_social_post_already_shared":true,"jetpack_social_options":{"image_generator_settings":{"template":"highway","default_image_id":0,"font":"","enabled":false},"version":2}},"categories":[17],"tags":[47],"class_list":["post-4668","post","type-post","status-publish","format-standard","has-post-thumbnail","hentry","category-orientacion-noticias","tag-igualdad"],"yoast_head":"<!-- This site is optimized with the Yoast SEO plugin v27.4 - https:\/\/yoast.com\/product\/yoast-seo-wordpress\/ -->\n<title>Taller de empoderamiento de la mujer - IES Torre Olvidada<\/title>\n<meta name=\"description\" content=\"Taller de empoderamiento de la mujer, Igualdad, IES Torre Olvidada\" \/>\n<meta name=\"robots\" content=\"index, follow, max-snippet:-1, max-image-preview:large, max-video-preview:-1\" \/>\n<link rel=\"canonical\" href=\"https:\/\/www.iestorreolvidada.com\/index.php\/2024\/04\/07\/taller-de-empoderamiento-de-la-mujer\/\" \/>\n<meta property=\"og:locale\" content=\"es_ES\" \/>\n<meta property=\"og:type\" content=\"article\" \/>\n<meta property=\"og:title\" content=\"Taller de empoderamiento de la mujer - IES Torre Olvidada\" \/>\n<meta property=\"og:description\" content=\"Taller de empoderamiento de la mujer, Igualdad, IES Torre Olvidada\" \/>\n<meta property=\"og:url\" content=\"https:\/\/www.iestorreolvidada.com\/index.php\/2024\/04\/07\/taller-de-empoderamiento-de-la-mujer\/\" \/>\n<meta property=\"og:site_name\" content=\"IES Torre Olvidada\" \/>\n<meta property=\"article:publisher\" content=\"https:\/\/www.facebook.com\/iestorreolvidada\" \/>\n<meta property=\"article:published_time\" content=\"2024-04-07T16:56:17+00:00\" \/>\n<meta property=\"og:image\" content=\"https:\/\/www.iestorreolvidada.com\/wp-content\/uploads\/2024\/04\/empoderamiento.jpg\" \/>\n\t<meta property=\"og:image:width\" content=\"2000\" \/>\n\t<meta property=\"og:image:height\" content=\"1500\" \/>\n\t<meta property=\"og:image:type\" content=\"image\/jpeg\" \/>\n<meta name=\"author\" content=\"IES Torre Olvidada\" \/>\n<meta name=\"twitter:card\" content=\"summary_large_image\" \/>\n<meta name=\"twitter:creator\" content=\"@torre_ies\" \/>\n<meta name=\"twitter:site\" content=\"@torre_ies\" \/>\n<meta name=\"twitter:label1\" content=\"Escrito por\" \/>\n\t<meta name=\"twitter:data1\" content=\"IES Torre Olvidada\" \/>\n\t<meta name=\"twitter:label2\" content=\"Tiempo de lectura\" \/>\n\t<meta name=\"twitter:data2\" content=\"1 minuto\" \/>\n<script type=\"application\/ld+json\" class=\"yoast-schema-graph\">{\"@context\":\"https:\\\/\\\/schema.org\",\"@graph\":[{\"@type\":\"Article\",\"@id\":\"https:\\\/\\\/www.iestorreolvidada.com\\\/index.php\\\/2024\\\/04\\\/07\\\/taller-de-empoderamiento-de-la-mujer\\\/#article\",\"isPartOf\":{\"@id\":\"https:\\\/\\\/www.iestorreolvidada.com\\\/index.php\\\/2024\\\/04\\\/07\\\/taller-de-empoderamiento-de-la-mujer\\\/\"},\"author\":{\"name\":\"IES Torre Olvidada\",\"@id\":\"https:\\\/\\\/www.iestorreolvidada.com\\\/#\\\/schema\\\/person\\\/d5b3d5d54511de3cc4b20440de306183\"},\"headline\":\"Taller de empoderamiento de la mujer\",\"datePublished\":\"2024-04-07T16:56:17+00:00\",\"mainEntityOfPage\":{\"@id\":\"https:\\\/\\\/www.iestorreolvidada.com\\\/index.php\\\/2024\\\/04\\\/07\\\/taller-de-empoderamiento-de-la-mujer\\\/\"},\"wordCount\":40,\"commentCount\":0,\"publisher\":{\"@id\":\"https:\\\/\\\/www.iestorreolvidada.com\\\/#organization\"},\"image\":{\"@id\":\"https:\\\/\\\/www.iestorreolvidada.com\\\/index.php\\\/2024\\\/04\\\/07\\\/taller-de-empoderamiento-de-la-mujer\\\/#primaryimage\"},\"thumbnailUrl\":\"https:\\\/\\\/www.iestorreolvidada.com\\\/wp-content\\\/uploads\\\/2024\\\/04\\\/empoderamiento.jpg\",\"keywords\":[\"Igualdad\"],\"articleSection\":[\"Orientaci\u00f3n Noticias\"],\"inLanguage\":\"es\",\"potentialAction\":[{\"@type\":\"CommentAction\",\"name\":\"Comment\",\"target\":[\"https:\\\/\\\/www.iestorreolvidada.com\\\/index.php\\\/2024\\\/04\\\/07\\\/taller-de-empoderamiento-de-la-mujer\\\/#respond\"]}]},{\"@type\":\"WebPage\",\"@id\":\"https:\\\/\\\/www.iestorreolvidada.com\\\/index.php\\\/2024\\\/04\\\/07\\\/taller-de-empoderamiento-de-la-mujer\\\/\",\"url\":\"https:\\\/\\\/www.iestorreolvidada.com\\\/index.php\\\/2024\\\/04\\\/07\\\/taller-de-empoderamiento-de-la-mujer\\\/\",\"name\":\"Taller de empoderamiento de la mujer - IES Torre Olvidada\",\"isPartOf\":{\"@id\":\"https:\\\/\\\/www.iestorreolvidada.com\\\/#website\"},\"primaryImageOfPage\":{\"@id\":\"https:\\\/\\\/www.iestorreolvidada.com\\\/index.php\\\/2024\\\/04\\\/07\\\/taller-de-empoderamiento-de-la-mujer\\\/#primaryimage\"},\"image\":{\"@id\":\"https:\\\/\\\/www.iestorreolvidada.com\\\/index.php\\\/2024\\\/04\\\/07\\\/taller-de-empoderamiento-de-la-mujer\\\/#primaryimage\"},\"thumbnailUrl\":\"https:\\\/\\\/www.iestorreolvidada.com\\\/wp-content\\\/uploads\\\/2024\\\/04\\\/empoderamiento.jpg\",\"datePublished\":\"2024-04-07T16:56:17+00:00\",\"description\":\"Taller de empoderamiento de la mujer, Igualdad, IES Torre Olvidada\",\"breadcrumb\":{\"@id\":\"https:\\\/\\\/www.iestorreolvidada.com\\\/index.php\\\/2024\\\/04\\\/07\\\/taller-de-empoderamiento-de-la-mujer\\\/#breadcrumb\"},\"inLanguage\":\"es\",\"potentialAction\":[{\"@type\":\"ReadAction\",\"target\":[\"https:\\\/\\\/www.iestorreolvidada.com\\\/index.php\\\/2024\\\/04\\\/07\\\/taller-de-empoderamiento-de-la-mujer\\\/\"]}]},{\"@type\":\"ImageObject\",\"inLanguage\":\"es\",\"@id\":\"https:\\\/\\\/www.iestorreolvidada.com\\\/index.php\\\/2024\\\/04\\\/07\\\/taller-de-empoderamiento-de-la-mujer\\\/#primaryimage\",\"url\":\"https:\\\/\\\/www.iestorreolvidada.com\\\/wp-content\\\/uploads\\\/2024\\\/04\\\/empoderamiento.jpg\",\"contentUrl\":\"https:\\\/\\\/www.iestorreolvidada.com\\\/wp-content\\\/uploads\\\/2024\\\/04\\\/empoderamiento.jpg\",\"width\":2000,\"height\":1500},{\"@type\":\"BreadcrumbList\",\"@id\":\"https:\\\/\\\/www.iestorreolvidada.com\\\/index.php\\\/2024\\\/04\\\/07\\\/taller-de-empoderamiento-de-la-mujer\\\/#breadcrumb\",\"itemListElement\":[{\"@type\":\"ListItem\",\"position\":1,\"name\":\"Portada\",\"item\":\"https:\\\/\\\/www.iestorreolvidada.com\\\/\"},{\"@type\":\"ListItem\",\"position\":2,\"name\":\"Taller de empoderamiento de la mujer\"}]},{\"@type\":\"WebSite\",\"@id\":\"https:\\\/\\\/www.iestorreolvidada.com\\\/#website\",\"url\":\"https:\\\/\\\/www.iestorreolvidada.com\\\/\",\"name\":\"IES Torre Olvidada\",\"description\":\"Instituto de Ense\u00f1anza Secundaria - Torredelcampo\",\"publisher\":{\"@id\":\"https:\\\/\\\/www.iestorreolvidada.com\\\/#organization\"},\"potentialAction\":[{\"@type\":\"SearchAction\",\"target\":{\"@type\":\"EntryPoint\",\"urlTemplate\":\"https:\\\/\\\/www.iestorreolvidada.com\\\/?s={search_term_string}\"},\"query-input\":{\"@type\":\"PropertyValueSpecification\",\"valueRequired\":true,\"valueName\":\"search_term_string\"}}],\"inLanguage\":\"es\"},{\"@type\":\"Organization\",\"@id\":\"https:\\\/\\\/www.iestorreolvidada.com\\\/#organization\",\"name\":\"IES Torre Olvidada\",\"url\":\"https:\\\/\\\/www.iestorreolvidada.com\\\/\",\"logo\":{\"@type\":\"ImageObject\",\"inLanguage\":\"es\",\"@id\":\"https:\\\/\\\/www.iestorreolvidada.com\\\/#\\\/schema\\\/logo\\\/image\\\/\",\"url\":\"https:\\\/\\\/i0.wp.com\\\/www.iestorreolvidada.com\\\/wp-content\\\/uploads\\\/2023\\\/02\\\/LOGO-IES_antiguo-2.jpg?fit=1819%2C2002&ssl=1\",\"contentUrl\":\"https:\\\/\\\/i0.wp.com\\\/www.iestorreolvidada.com\\\/wp-content\\\/uploads\\\/2023\\\/02\\\/LOGO-IES_antiguo-2.jpg?fit=1819%2C2002&ssl=1\",\"width\":1819,\"height\":2002,\"caption\":\"IES Torre Olvidada\"},\"image\":{\"@id\":\"https:\\\/\\\/www.iestorreolvidada.com\\\/#\\\/schema\\\/logo\\\/image\\\/\"},\"sameAs\":[\"https:\\\/\\\/www.facebook.com\\\/iestorreolvidada\",\"https:\\\/\\\/x.com\\\/torre_ies\",\"https:\\\/\\\/www.instagram.com\\\/ies_torre_olvidada\\\/?hl=es\"]},{\"@type\":\"Person\",\"@id\":\"https:\\\/\\\/www.iestorreolvidada.com\\\/#\\\/schema\\\/person\\\/d5b3d5d54511de3cc4b20440de306183\",\"name\":\"IES Torre Olvidada\",\"image\":{\"@type\":\"ImageObject\",\"inLanguage\":\"es\",\"@id\":\"https:\\\/\\\/secure.gravatar.com\\\/avatar\\\/97634abbab78eb99a51cdc7b71ef263856b45acddbb79c08da9aa97d8ecd37ee?s=96&d=mm&r=g\",\"url\":\"https:\\\/\\\/secure.gravatar.com\\\/avatar\\\/97634abbab78eb99a51cdc7b71ef263856b45acddbb79c08da9aa97d8ecd37ee?s=96&d=mm&r=g\",\"contentUrl\":\"https:\\\/\\\/secure.gravatar.com\\\/avatar\\\/97634abbab78eb99a51cdc7b71ef263856b45acddbb79c08da9aa97d8ecd37ee?s=96&d=mm&r=g\",\"caption\":\"IES Torre Olvidada\"},\"url\":\"https:\\\/\\\/www.iestorreolvidada.com\\\/index.php\\\/author\\\/comunicacion_trrolvdd\\\/\"}]}<\/script>\n<!-- \/ Yoast SEO plugin. -->","yoast_head_json":{"title":"Taller de empoderamiento de la mujer - IES Torre Olvidada","description":"Taller de empoderamiento de la mujer, Igualdad, IES Torre Olvidada","robots":{"index":"index","follow":"follow","max-snippet":"max-snippet:-1","max-image-preview":"max-image-preview:large","max-video-preview":"max-video-preview:-1"},"canonical":"https:\/\/www.iestorreolvidada.com\/index.php\/2024\/04\/07\/taller-de-empoderamiento-de-la-mujer\/","og_locale":"es_ES","og_type":"article","og_title":"Taller de empoderamiento de la mujer - IES Torre Olvidada","og_description":"Taller de empoderamiento de la mujer, Igualdad, IES Torre Olvidada","og_url":"https:\/\/www.iestorreolvidada.com\/index.php\/2024\/04\/07\/taller-de-empoderamiento-de-la-mujer\/","og_site_name":"IES Torre Olvidada","article_publisher":"https:\/\/www.facebook.com\/iestorreolvidada","article_published_time":"2024-04-07T16:56:17+00:00","og_image":[{"width":2000,"height":1500,"url":"https:\/\/www.iestorreolvidada.com\/wp-content\/uploads\/2024\/04\/empoderamiento.jpg","type":"image\/jpeg"}],"author":"IES Torre Olvidada","twitter_card":"summary_large_image","twitter_creator":"@torre_ies","twitter_site":"@torre_ies","twitter_misc":{"Escrito por":"IES Torre Olvidada","Tiempo de lectura":"1 minuto"},"schema":{"@context":"https:\/\/schema.org","@graph":[{"@type":"Article","@id":"https:\/\/www.iestorreolvidada.com\/index.php\/2024\/04\/07\/taller-de-empoderamiento-de-la-mujer\/#article","isPartOf":{"@id":"https:\/\/www.iestorreolvidada.com\/index.php\/2024\/04\/07\/taller-de-empoderamiento-de-la-mujer\/"},"author":{"name":"IES Torre Olvidada","@id":"https:\/\/www.iestorreolvidada.com\/#\/schema\/person\/d5b3d5d54511de3cc4b20440de306183"},"headline":"Taller de empoderamiento de la mujer","datePublished":"2024-04-07T16:56:17+00:00","mainEntityOfPage":{"@id":"https:\/\/www.iestorreolvidada.com\/index.php\/2024\/04\/07\/taller-de-empoderamiento-de-la-mujer\/"},"wordCount":40,"commentCount":0,"publisher":{"@id":"https:\/\/www.iestorreolvidada.com\/#organization"},"image":{"@id":"https:\/\/www.iestorreolvidada.com\/index.php\/2024\/04\/07\/taller-de-empoderamiento-de-la-mujer\/#primaryimage"},"thumbnailUrl":"https:\/\/www.iestorreolvidada.com\/wp-content\/uploads\/2024\/04\/empoderamiento.jpg","keywords":["Igualdad"],"articleSection":["Orientaci\u00f3n Noticias"],"inLanguage":"es","potentialAction":[{"@type":"CommentAction","name":"Comment","target":["https:\/\/www.iestorreolvidada.com\/index.php\/2024\/04\/07\/taller-de-empoderamiento-de-la-mujer\/#respond"]}]},{"@type":"WebPage","@id":"https:\/\/www.iestorreolvidada.com\/index.php\/2024\/04\/07\/taller-de-empoderamiento-de-la-mujer\/","url":"https:\/\/www.iestorreolvidada.com\/index.php\/2024\/04\/07\/taller-de-empoderamiento-de-la-mujer\/","name":"Taller de empoderamiento de la mujer - IES Torre Olvidada","isPartOf":{"@id":"https:\/\/www.iestorreolvidada.com\/#website"},"primaryImageOfPage":{"@id":"https:\/\/www.iestorreolvidada.com\/index.php\/2024\/04\/07\/taller-de-empoderamiento-de-la-mujer\/#primaryimage"},"image":{"@id":"https:\/\/www.iestorreolvidada.com\/index.php\/2024\/04\/07\/taller-de-empoderamiento-de-la-mujer\/#primaryimage"},"thumbnailUrl":"https:\/\/www.iestorreolvidada.com\/wp-content\/uploads\/2024\/04\/empoderamiento.jpg","datePublished":"2024-04-07T16:56:17+00:00","description":"Taller de empoderamiento de la mujer, Igualdad, IES Torre Olvidada","breadcrumb":{"@id":"https:\/\/www.iestorreolvidada.com\/index.php\/2024\/04\/07\/taller-de-empoderamiento-de-la-mujer\/#breadcrumb"},"inLanguage":"es","potentialAction":[{"@type":"ReadAction","target":["https:\/\/www.iestorreolvidada.com\/index.php\/2024\/04\/07\/taller-de-empoderamiento-de-la-mujer\/"]}]},{"@type":"ImageObject","inLanguage":"es","@id":"https:\/\/www.iestorreolvidada.com\/index.php\/2024\/04\/07\/taller-de-empoderamiento-de-la-mujer\/#primaryimage","url":"https:\/\/www.iestorreolvidada.com\/wp-content\/uploads\/2024\/04\/empoderamiento.jpg","contentUrl":"https:\/\/www.iestorreolvidada.com\/wp-content\/uploads\/2024\/04\/empoderamiento.jpg","width":2000,"height":1500},{"@type":"BreadcrumbList","@id":"https:\/\/www.iestorreolvidada.com\/index.php\/2024\/04\/07\/taller-de-empoderamiento-de-la-mujer\/#breadcrumb","itemListElement":[{"@type":"ListItem","position":1,"name":"Portada","item":"https:\/\/www.iestorreolvidada.com\/"},{"@type":"ListItem","position":2,"name":"Taller de empoderamiento de la mujer"}]},{"@type":"WebSite","@id":"https:\/\/www.iestorreolvidada.com\/#website","url":"https:\/\/www.iestorreolvidada.com\/","name":"IES Torre Olvidada","description":"Instituto de Ense\u00f1anza Secundaria - Torredelcampo","publisher":{"@id":"https:\/\/www.iestorreolvidada.com\/#organization"},"potentialAction":[{"@type":"SearchAction","target":{"@type":"EntryPoint","urlTemplate":"https:\/\/www.iestorreolvidada.com\/?s={search_term_string}"},"query-input":{"@type":"PropertyValueSpecification","valueRequired":true,"valueName":"search_term_string"}}],"inLanguage":"es"},{"@type":"Organization","@id":"https:\/\/www.iestorreolvidada.com\/#organization","name":"IES Torre Olvidada","url":"https:\/\/www.iestorreolvidada.com\/","logo":{"@type":"ImageObject","inLanguage":"es","@id":"https:\/\/www.iestorreolvidada.com\/#\/schema\/logo\/image\/","url":"https:\/\/i0.wp.com\/www.iestorreolvidada.com\/wp-content\/uploads\/2023\/02\/LOGO-IES_antiguo-2.jpg?fit=1819%2C2002&ssl=1","contentUrl":"https:\/\/i0.wp.com\/www.iestorreolvidada.com\/wp-content\/uploads\/2023\/02\/LOGO-IES_antiguo-2.jpg?fit=1819%2C2002&ssl=1","width":1819,"height":2002,"caption":"IES Torre Olvidada"},"image":{"@id":"https:\/\/www.iestorreolvidada.com\/#\/schema\/logo\/image\/"},"sameAs":["https:\/\/www.facebook.com\/iestorreolvidada","https:\/\/x.com\/torre_ies","https:\/\/www.instagram.com\/ies_torre_olvidada\/?hl=es"]},{"@type":"Person","@id":"https:\/\/www.iestorreolvidada.com\/#\/schema\/person\/d5b3d5d54511de3cc4b20440de306183","name":"IES Torre Olvidada","image":{"@type":"ImageObject","inLanguage":"es","@id":"https:\/\/secure.gravatar.com\/avatar\/97634abbab78eb99a51cdc7b71ef263856b45acddbb79c08da9aa97d8ecd37ee?s=96&d=mm&r=g","url":"https:\/\/secure.gravatar.com\/avatar\/97634abbab78eb99a51cdc7b71ef263856b45acddbb79c08da9aa97d8ecd37ee?s=96&d=mm&r=g","contentUrl":"https:\/\/secure.gravatar.com\/avatar\/97634abbab78eb99a51cdc7b71ef263856b45acddbb79c08da9aa97d8ecd37ee?s=96&d=mm&r=g","caption":"IES Torre Olvidada"},"url":"https:\/\/www.iestorreolvidada.com\/index.php\/author\/comunicacion_trrolvdd\/"}]}},"jetpack_publicize_connections":[],"jetpack_featured_media_url":"https:\/\/www.iestorreolvidada.com\/wp-content\/uploads\/2024\/04\/empoderamiento.jpg","jetpack-related-posts":[],"jetpack_shortlink":"https:\/\/wp.me\/pemPlE-1di","jetpack_sharing_enabled":true,"_links":{"self":[{"href":"https:\/\/www.iestorreolvidada.com\/index.php\/wp-json\/wp\/v2\/posts\/4668","targetHints":{"allow":["GET"]}}],"collection":[{"href":"https:\/\/www.iestorreolvidada.com\/index.php\/wp-json\/wp\/v2\/posts"}],"about":[{"href":"https:\/\/www.iestorreolvidada.com\/index.php\/wp-json\/wp\/v2\/types\/post"}],"author":[{"embeddable":true,"href":"https:\/\/www.iestorreolvidada.com\/index.php\/wp-json\/wp\/v2\/users\/2"}],"replies":[{"embeddable":true,"href":"https:\/\/www.iestorreolvidada.com\/index.php\/wp-json\/wp\/v2\/comments?post=4668"}],"version-history":[{"count":1,"href":"https:\/\/www.iestorreolvidada.com\/index.php\/wp-json\/wp\/v2\/posts\/4668\/revisions"}],"predecessor-version":[{"id":4670,"href":"https:\/\/www.iestorreolvidada.com\/index.php\/wp-json\/wp\/v2\/posts\/4668\/revisions\/4670"}],"wp:featuredmedia":[{"embeddable":true,"href":"https:\/\/www.iestorreolvidada.com\/index.php\/wp-json\/wp\/v2\/media\/4669"}],"wp:attachment":[{"href":"https:\/\/www.iestorreolvidada.com\/index.php\/wp-json\/wp\/v2\/media?parent=4668"}],"wp:term":[{"taxonomy":"category","embeddable":true,"href":"https:\/\/www.iestorreolvidada.com\/index.php\/wp-json\/wp\/v2\/categories?post=4668"},{"taxonomy":"post_tag","embeddable":true,"href":"https:\/\/www.iestorreolvidada.com\/index.php\/wp-json\/wp\/v2\/tags?post=4668"}],"curies":[{"name":"wp","href":"https:\/\/api.w.org\/{rel}","templated":true}]}}