{"id":4761,"date":"2024-05-10T09:57:47","date_gmt":"2024-05-10T09:57:47","guid":{"rendered":"https:\/\/www.iestorreolvidada.com\/?p=4761"},"modified":"2024-05-10T09:57:47","modified_gmt":"2024-05-10T09:57:47","slug":"xx-olimpiada-matematica-guadalentin","status":"publish","type":"post","link":"https:\/\/www.iestorreolvidada.com\/index.php\/2024\/05\/10\/xx-olimpiada-matematica-guadalentin\/","title":{"rendered":"XX Olimpiada Matem\u00e1tica Guadalent\u00edn"},"content":{"rendered":"<div id=\":by\" class=\"ii gt\">\n<div id=\":bx\" class=\"a3s aiL \">\n<div dir=\"auto\">Cinco de nuestros alumnos han participado en la XX Olimpiada Matem\u00e1tica Guadalent\u00edn, en Pozo Alc\u00f3n. Ha sido una jornada de convivencia en la naturaleza que han compartido con alumnos de m\u00e1s de cien centros educativos diferentes. Una experiencia m\u00e1s que acumulan en su vida acad\u00e9mica. Enhorabuena por vuestra gran participaci\u00f3n.<\/div>\n<div dir=\"auto\"><a href=\"https:\/\/www.dipujaen.es\/noticias\/detalles.html?t=M%C3%A1s+de+600+alumnos+de+106+centros+educativos+de+Andaluc%C3%ADa+participar%C3%A1n+en+la+XX+Olimpiada+Matem%C3%A1tica+de+Pozo+Alc%C3%B3n&amp;uid=a09a1876-0933-11ef-9217-005056b0675f\">Noticia<\/a><\/div>\n<div dir=\"auto\"><\/div>\n<div dir=\"auto\">\n<div class=\"et_pb_slider et_pb_slider_fullwidth_off et_pb_gallery_post_type\">\n\t\t\t\t<div class=\"et_pb_slides\">\n\t\t\t\t\t<div class=\"et_pb_slide\" style=\"background: url(https:\/\/www.iestorreolvidada.com\/wp-content\/uploads\/2024\/05\/IMG-20240510-WA0000.jpg);\"><\/div><div class=\"et_pb_slide\" style=\"background: url(https:\/\/www.iestorreolvidada.com\/wp-content\/uploads\/2024\/05\/IMG-20240510-WA0001.jpg);\"><\/div><div class=\"et_pb_slide\" style=\"background: url(https:\/\/www.iestorreolvidada.com\/wp-content\/uploads\/2024\/05\/IMG-20240510-WA0002.jpg);\"><\/div>\n\t\t\t\t<\/div>\n\t\t\t<\/div>\n<\/div>\n<div class=\"yj6qo\"><\/div>\n<div class=\"adL\"><\/div>\n<\/div>\n<\/div>\n<div id=\":ce\" class=\"hq gt\"><\/div>\n","protected":false},"excerpt":{"rendered":"<p>Cinco de nuestros alumnos han participado en la XX Olimpiada Matem\u00e1tica Guadalent\u00edn, en Pozo Alc\u00f3n. Ha sido una jornada de convivencia en la naturaleza que han compartido con alumnos de m\u00e1s de cien centros educativos diferentes. Una experiencia m\u00e1s que acumulan en su vida acad\u00e9mica. Enhorabuena por vuestra gran participaci\u00f3n. Noticia<\/p>\n","protected":false},"author":2,"featured_media":4764,"comment_status":"open","ping_status":"open","sticky":false,"template":"","format":"standard","meta":{"_et_pb_use_builder":"","_et_pb_old_content":"","_et_gb_content_width":"","_monsterinsights_skip_tracking":false,"_monsterinsights_sitenote_active":false,"_monsterinsights_sitenote_note":"","_monsterinsights_sitenote_category":0,"_jetpack_memberships_contains_paid_content":false,"footnotes":"","jetpack_publicize_message":"","jetpack_publicize_feature_enabled":true,"jetpack_social_post_already_shared":true,"jetpack_social_options":{"image_generator_settings":{"template":"highway","default_image_id":0,"font":"","enabled":false},"version":2}},"categories":[16],"tags":[63,64],"class_list":["post-4761","post","type-post","status-publish","format-standard","has-post-thumbnail","hentry","category-matematicas-noticias","tag-maraton-logico-matematico","tag-olimpiada-matematica"],"yoast_head":"<!-- This site is optimized with the Yoast SEO plugin v27.4 - https:\/\/yoast.com\/product\/yoast-seo-wordpress\/ -->\n<title>XX Olimpiada Matem\u00e1tica Guadalent\u00edn - IES Torre Olvidada<\/title>\n<meta name=\"description\" content=\"XX Olimpiada Matem\u00e1tica Guadalent\u00edn, IES Torre Olvidada, Pozo Alc\u00f3n, Torredelcampo, Matem\u00e1ticas,\" \/>\n<meta name=\"robots\" content=\"index, follow, max-snippet:-1, max-image-preview:large, max-video-preview:-1\" \/>\n<link rel=\"canonical\" href=\"https:\/\/www.iestorreolvidada.com\/index.php\/2024\/05\/10\/xx-olimpiada-matematica-guadalentin\/\" \/>\n<meta property=\"og:locale\" content=\"es_ES\" \/>\n<meta property=\"og:type\" content=\"article\" \/>\n<meta property=\"og:title\" content=\"XX Olimpiada Matem\u00e1tica Guadalent\u00edn - IES Torre Olvidada\" \/>\n<meta property=\"og:description\" content=\"XX Olimpiada Matem\u00e1tica Guadalent\u00edn, IES Torre Olvidada, Pozo Alc\u00f3n, Torredelcampo, Matem\u00e1ticas,\" \/>\n<meta property=\"og:url\" content=\"https:\/\/www.iestorreolvidada.com\/index.php\/2024\/05\/10\/xx-olimpiada-matematica-guadalentin\/\" \/>\n<meta property=\"og:site_name\" content=\"IES Torre Olvidada\" \/>\n<meta property=\"article:publisher\" content=\"https:\/\/www.facebook.com\/iestorreolvidada\" \/>\n<meta property=\"article:published_time\" content=\"2024-05-10T09:57:47+00:00\" \/>\n<meta property=\"og:image\" content=\"https:\/\/www.iestorreolvidada.com\/wp-content\/uploads\/2024\/05\/IMG-20240510-WA0002.jpg\" \/>\n\t<meta property=\"og:image:width\" content=\"648\" \/>\n\t<meta property=\"og:image:height\" content=\"1440\" \/>\n\t<meta property=\"og:image:type\" content=\"image\/jpeg\" \/>\n<meta name=\"author\" content=\"IES Torre Olvidada\" \/>\n<meta name=\"twitter:card\" content=\"summary_large_image\" \/>\n<meta name=\"twitter:creator\" content=\"@torre_ies\" \/>\n<meta name=\"twitter:site\" content=\"@torre_ies\" \/>\n<meta name=\"twitter:label1\" content=\"Escrito por\" \/>\n\t<meta name=\"twitter:data1\" content=\"IES Torre Olvidada\" \/>\n\t<meta name=\"twitter:label2\" content=\"Tiempo de lectura\" \/>\n\t<meta name=\"twitter:data2\" content=\"1 minuto\" \/>\n<script type=\"application\/ld+json\" class=\"yoast-schema-graph\">{\"@context\":\"https:\\\/\\\/schema.org\",\"@graph\":[{\"@type\":\"Article\",\"@id\":\"https:\\\/\\\/www.iestorreolvidada.com\\\/index.php\\\/2024\\\/05\\\/10\\\/xx-olimpiada-matematica-guadalentin\\\/#article\",\"isPartOf\":{\"@id\":\"https:\\\/\\\/www.iestorreolvidada.com\\\/index.php\\\/2024\\\/05\\\/10\\\/xx-olimpiada-matematica-guadalentin\\\/\"},\"author\":{\"name\":\"IES Torre Olvidada\",\"@id\":\"https:\\\/\\\/www.iestorreolvidada.com\\\/#\\\/schema\\\/person\\\/d5b3d5d54511de3cc4b20440de306183\"},\"headline\":\"XX Olimpiada Matem\u00e1tica Guadalent\u00edn\",\"datePublished\":\"2024-05-10T09:57:47+00:00\",\"mainEntityOfPage\":{\"@id\":\"https:\\\/\\\/www.iestorreolvidada.com\\\/index.php\\\/2024\\\/05\\\/10\\\/xx-olimpiada-matematica-guadalentin\\\/\"},\"wordCount\":67,\"commentCount\":0,\"publisher\":{\"@id\":\"https:\\\/\\\/www.iestorreolvidada.com\\\/#organization\"},\"image\":{\"@id\":\"https:\\\/\\\/www.iestorreolvidada.com\\\/index.php\\\/2024\\\/05\\\/10\\\/xx-olimpiada-matematica-guadalentin\\\/#primaryimage\"},\"thumbnailUrl\":\"https:\\\/\\\/www.iestorreolvidada.com\\\/wp-content\\\/uploads\\\/2024\\\/05\\\/IMG-20240510-WA0002.jpg\",\"keywords\":[\"Marat\u00f3n L\u00f3gico-Matem\u00e1tico\",\"Olimpiada Matem\u00e1tica\"],\"articleSection\":[\"Matem\u00e1ticas Noticias\"],\"inLanguage\":\"es\",\"potentialAction\":[{\"@type\":\"CommentAction\",\"name\":\"Comment\",\"target\":[\"https:\\\/\\\/www.iestorreolvidada.com\\\/index.php\\\/2024\\\/05\\\/10\\\/xx-olimpiada-matematica-guadalentin\\\/#respond\"]}]},{\"@type\":\"WebPage\",\"@id\":\"https:\\\/\\\/www.iestorreolvidada.com\\\/index.php\\\/2024\\\/05\\\/10\\\/xx-olimpiada-matematica-guadalentin\\\/\",\"url\":\"https:\\\/\\\/www.iestorreolvidada.com\\\/index.php\\\/2024\\\/05\\\/10\\\/xx-olimpiada-matematica-guadalentin\\\/\",\"name\":\"XX Olimpiada Matem\u00e1tica Guadalent\u00edn - IES Torre Olvidada\",\"isPartOf\":{\"@id\":\"https:\\\/\\\/www.iestorreolvidada.com\\\/#website\"},\"primaryImageOfPage\":{\"@id\":\"https:\\\/\\\/www.iestorreolvidada.com\\\/index.php\\\/2024\\\/05\\\/10\\\/xx-olimpiada-matematica-guadalentin\\\/#primaryimage\"},\"image\":{\"@id\":\"https:\\\/\\\/www.iestorreolvidada.com\\\/index.php\\\/2024\\\/05\\\/10\\\/xx-olimpiada-matematica-guadalentin\\\/#primaryimage\"},\"thumbnailUrl\":\"https:\\\/\\\/www.iestorreolvidada.com\\\/wp-content\\\/uploads\\\/2024\\\/05\\\/IMG-20240510-WA0002.jpg\",\"datePublished\":\"2024-05-10T09:57:47+00:00\",\"description\":\"XX Olimpiada Matem\u00e1tica Guadalent\u00edn, IES Torre Olvidada, Pozo Alc\u00f3n, Torredelcampo, Matem\u00e1ticas,\",\"breadcrumb\":{\"@id\":\"https:\\\/\\\/www.iestorreolvidada.com\\\/index.php\\\/2024\\\/05\\\/10\\\/xx-olimpiada-matematica-guadalentin\\\/#breadcrumb\"},\"inLanguage\":\"es\",\"potentialAction\":[{\"@type\":\"ReadAction\",\"target\":[\"https:\\\/\\\/www.iestorreolvidada.com\\\/index.php\\\/2024\\\/05\\\/10\\\/xx-olimpiada-matematica-guadalentin\\\/\"]}]},{\"@type\":\"ImageObject\",\"inLanguage\":\"es\",\"@id\":\"https:\\\/\\\/www.iestorreolvidada.com\\\/index.php\\\/2024\\\/05\\\/10\\\/xx-olimpiada-matematica-guadalentin\\\/#primaryimage\",\"url\":\"https:\\\/\\\/www.iestorreolvidada.com\\\/wp-content\\\/uploads\\\/2024\\\/05\\\/IMG-20240510-WA0002.jpg\",\"contentUrl\":\"https:\\\/\\\/www.iestorreolvidada.com\\\/wp-content\\\/uploads\\\/2024\\\/05\\\/IMG-20240510-WA0002.jpg\",\"width\":648,\"height\":1440},{\"@type\":\"BreadcrumbList\",\"@id\":\"https:\\\/\\\/www.iestorreolvidada.com\\\/index.php\\\/2024\\\/05\\\/10\\\/xx-olimpiada-matematica-guadalentin\\\/#breadcrumb\",\"itemListElement\":[{\"@type\":\"ListItem\",\"position\":1,\"name\":\"Portada\",\"item\":\"https:\\\/\\\/www.iestorreolvidada.com\\\/\"},{\"@type\":\"ListItem\",\"position\":2,\"name\":\"XX Olimpiada Matem\u00e1tica Guadalent\u00edn\"}]},{\"@type\":\"WebSite\",\"@id\":\"https:\\\/\\\/www.iestorreolvidada.com\\\/#website\",\"url\":\"https:\\\/\\\/www.iestorreolvidada.com\\\/\",\"name\":\"IES Torre Olvidada\",\"description\":\"Instituto de Ense\u00f1anza Secundaria - Torredelcampo\",\"publisher\":{\"@id\":\"https:\\\/\\\/www.iestorreolvidada.com\\\/#organization\"},\"potentialAction\":[{\"@type\":\"SearchAction\",\"target\":{\"@type\":\"EntryPoint\",\"urlTemplate\":\"https:\\\/\\\/www.iestorreolvidada.com\\\/?s={search_term_string}\"},\"query-input\":{\"@type\":\"PropertyValueSpecification\",\"valueRequired\":true,\"valueName\":\"search_term_string\"}}],\"inLanguage\":\"es\"},{\"@type\":\"Organization\",\"@id\":\"https:\\\/\\\/www.iestorreolvidada.com\\\/#organization\",\"name\":\"IES Torre Olvidada\",\"url\":\"https:\\\/\\\/www.iestorreolvidada.com\\\/\",\"logo\":{\"@type\":\"ImageObject\",\"inLanguage\":\"es\",\"@id\":\"https:\\\/\\\/www.iestorreolvidada.com\\\/#\\\/schema\\\/logo\\\/image\\\/\",\"url\":\"https:\\\/\\\/i0.wp.com\\\/www.iestorreolvidada.com\\\/wp-content\\\/uploads\\\/2023\\\/02\\\/LOGO-IES_antiguo-2.jpg?fit=1819%2C2002&ssl=1\",\"contentUrl\":\"https:\\\/\\\/i0.wp.com\\\/www.iestorreolvidada.com\\\/wp-content\\\/uploads\\\/2023\\\/02\\\/LOGO-IES_antiguo-2.jpg?fit=1819%2C2002&ssl=1\",\"width\":1819,\"height\":2002,\"caption\":\"IES Torre Olvidada\"},\"image\":{\"@id\":\"https:\\\/\\\/www.iestorreolvidada.com\\\/#\\\/schema\\\/logo\\\/image\\\/\"},\"sameAs\":[\"https:\\\/\\\/www.facebook.com\\\/iestorreolvidada\",\"https:\\\/\\\/x.com\\\/torre_ies\",\"https:\\\/\\\/www.instagram.com\\\/ies_torre_olvidada\\\/?hl=es\"]},{\"@type\":\"Person\",\"@id\":\"https:\\\/\\\/www.iestorreolvidada.com\\\/#\\\/schema\\\/person\\\/d5b3d5d54511de3cc4b20440de306183\",\"name\":\"IES Torre Olvidada\",\"image\":{\"@type\":\"ImageObject\",\"inLanguage\":\"es\",\"@id\":\"https:\\\/\\\/secure.gravatar.com\\\/avatar\\\/97634abbab78eb99a51cdc7b71ef263856b45acddbb79c08da9aa97d8ecd37ee?s=96&d=mm&r=g\",\"url\":\"https:\\\/\\\/secure.gravatar.com\\\/avatar\\\/97634abbab78eb99a51cdc7b71ef263856b45acddbb79c08da9aa97d8ecd37ee?s=96&d=mm&r=g\",\"contentUrl\":\"https:\\\/\\\/secure.gravatar.com\\\/avatar\\\/97634abbab78eb99a51cdc7b71ef263856b45acddbb79c08da9aa97d8ecd37ee?s=96&d=mm&r=g\",\"caption\":\"IES Torre Olvidada\"},\"url\":\"https:\\\/\\\/www.iestorreolvidada.com\\\/index.php\\\/author\\\/comunicacion_trrolvdd\\\/\"}]}<\/script>\n<!-- \/ Yoast SEO plugin. -->","yoast_head_json":{"title":"XX Olimpiada Matem\u00e1tica Guadalent\u00edn - IES Torre Olvidada","description":"XX Olimpiada Matem\u00e1tica Guadalent\u00edn, IES Torre Olvidada, Pozo Alc\u00f3n, Torredelcampo, Matem\u00e1ticas,","robots":{"index":"index","follow":"follow","max-snippet":"max-snippet:-1","max-image-preview":"max-image-preview:large","max-video-preview":"max-video-preview:-1"},"canonical":"https:\/\/www.iestorreolvidada.com\/index.php\/2024\/05\/10\/xx-olimpiada-matematica-guadalentin\/","og_locale":"es_ES","og_type":"article","og_title":"XX Olimpiada Matem\u00e1tica Guadalent\u00edn - IES Torre Olvidada","og_description":"XX Olimpiada Matem\u00e1tica Guadalent\u00edn, IES Torre Olvidada, Pozo Alc\u00f3n, Torredelcampo, Matem\u00e1ticas,","og_url":"https:\/\/www.iestorreolvidada.com\/index.php\/2024\/05\/10\/xx-olimpiada-matematica-guadalentin\/","og_site_name":"IES Torre Olvidada","article_publisher":"https:\/\/www.facebook.com\/iestorreolvidada","article_published_time":"2024-05-10T09:57:47+00:00","og_image":[{"width":648,"height":1440,"url":"https:\/\/www.iestorreolvidada.com\/wp-content\/uploads\/2024\/05\/IMG-20240510-WA0002.jpg","type":"image\/jpeg"}],"author":"IES Torre Olvidada","twitter_card":"summary_large_image","twitter_creator":"@torre_ies","twitter_site":"@torre_ies","twitter_misc":{"Escrito por":"IES Torre Olvidada","Tiempo de lectura":"1 minuto"},"schema":{"@context":"https:\/\/schema.org","@graph":[{"@type":"Article","@id":"https:\/\/www.iestorreolvidada.com\/index.php\/2024\/05\/10\/xx-olimpiada-matematica-guadalentin\/#article","isPartOf":{"@id":"https:\/\/www.iestorreolvidada.com\/index.php\/2024\/05\/10\/xx-olimpiada-matematica-guadalentin\/"},"author":{"name":"IES Torre Olvidada","@id":"https:\/\/www.iestorreolvidada.com\/#\/schema\/person\/d5b3d5d54511de3cc4b20440de306183"},"headline":"XX Olimpiada Matem\u00e1tica Guadalent\u00edn","datePublished":"2024-05-10T09:57:47+00:00","mainEntityOfPage":{"@id":"https:\/\/www.iestorreolvidada.com\/index.php\/2024\/05\/10\/xx-olimpiada-matematica-guadalentin\/"},"wordCount":67,"commentCount":0,"publisher":{"@id":"https:\/\/www.iestorreolvidada.com\/#organization"},"image":{"@id":"https:\/\/www.iestorreolvidada.com\/index.php\/2024\/05\/10\/xx-olimpiada-matematica-guadalentin\/#primaryimage"},"thumbnailUrl":"https:\/\/www.iestorreolvidada.com\/wp-content\/uploads\/2024\/05\/IMG-20240510-WA0002.jpg","keywords":["Marat\u00f3n L\u00f3gico-Matem\u00e1tico","Olimpiada Matem\u00e1tica"],"articleSection":["Matem\u00e1ticas Noticias"],"inLanguage":"es","potentialAction":[{"@type":"CommentAction","name":"Comment","target":["https:\/\/www.iestorreolvidada.com\/index.php\/2024\/05\/10\/xx-olimpiada-matematica-guadalentin\/#respond"]}]},{"@type":"WebPage","@id":"https:\/\/www.iestorreolvidada.com\/index.php\/2024\/05\/10\/xx-olimpiada-matematica-guadalentin\/","url":"https:\/\/www.iestorreolvidada.com\/index.php\/2024\/05\/10\/xx-olimpiada-matematica-guadalentin\/","name":"XX Olimpiada Matem\u00e1tica Guadalent\u00edn - IES Torre Olvidada","isPartOf":{"@id":"https:\/\/www.iestorreolvidada.com\/#website"},"primaryImageOfPage":{"@id":"https:\/\/www.iestorreolvidada.com\/index.php\/2024\/05\/10\/xx-olimpiada-matematica-guadalentin\/#primaryimage"},"image":{"@id":"https:\/\/www.iestorreolvidada.com\/index.php\/2024\/05\/10\/xx-olimpiada-matematica-guadalentin\/#primaryimage"},"thumbnailUrl":"https:\/\/www.iestorreolvidada.com\/wp-content\/uploads\/2024\/05\/IMG-20240510-WA0002.jpg","datePublished":"2024-05-10T09:57:47+00:00","description":"XX Olimpiada Matem\u00e1tica Guadalent\u00edn, IES Torre Olvidada, Pozo Alc\u00f3n, Torredelcampo, Matem\u00e1ticas,","breadcrumb":{"@id":"https:\/\/www.iestorreolvidada.com\/index.php\/2024\/05\/10\/xx-olimpiada-matematica-guadalentin\/#breadcrumb"},"inLanguage":"es","potentialAction":[{"@type":"ReadAction","target":["https:\/\/www.iestorreolvidada.com\/index.php\/2024\/05\/10\/xx-olimpiada-matematica-guadalentin\/"]}]},{"@type":"ImageObject","inLanguage":"es","@id":"https:\/\/www.iestorreolvidada.com\/index.php\/2024\/05\/10\/xx-olimpiada-matematica-guadalentin\/#primaryimage","url":"https:\/\/www.iestorreolvidada.com\/wp-content\/uploads\/2024\/05\/IMG-20240510-WA0002.jpg","contentUrl":"https:\/\/www.iestorreolvidada.com\/wp-content\/uploads\/2024\/05\/IMG-20240510-WA0002.jpg","width":648,"height":1440},{"@type":"BreadcrumbList","@id":"https:\/\/www.iestorreolvidada.com\/index.php\/2024\/05\/10\/xx-olimpiada-matematica-guadalentin\/#breadcrumb","itemListElement":[{"@type":"ListItem","position":1,"name":"Portada","item":"https:\/\/www.iestorreolvidada.com\/"},{"@type":"ListItem","position":2,"name":"XX Olimpiada Matem\u00e1tica Guadalent\u00edn"}]},{"@type":"WebSite","@id":"https:\/\/www.iestorreolvidada.com\/#website","url":"https:\/\/www.iestorreolvidada.com\/","name":"IES Torre Olvidada","description":"Instituto de Ense\u00f1anza Secundaria - Torredelcampo","publisher":{"@id":"https:\/\/www.iestorreolvidada.com\/#organization"},"potentialAction":[{"@type":"SearchAction","target":{"@type":"EntryPoint","urlTemplate":"https:\/\/www.iestorreolvidada.com\/?s={search_term_string}"},"query-input":{"@type":"PropertyValueSpecification","valueRequired":true,"valueName":"search_term_string"}}],"inLanguage":"es"},{"@type":"Organization","@id":"https:\/\/www.iestorreolvidada.com\/#organization","name":"IES Torre Olvidada","url":"https:\/\/www.iestorreolvidada.com\/","logo":{"@type":"ImageObject","inLanguage":"es","@id":"https:\/\/www.iestorreolvidada.com\/#\/schema\/logo\/image\/","url":"https:\/\/i0.wp.com\/www.iestorreolvidada.com\/wp-content\/uploads\/2023\/02\/LOGO-IES_antiguo-2.jpg?fit=1819%2C2002&ssl=1","contentUrl":"https:\/\/i0.wp.com\/www.iestorreolvidada.com\/wp-content\/uploads\/2023\/02\/LOGO-IES_antiguo-2.jpg?fit=1819%2C2002&ssl=1","width":1819,"height":2002,"caption":"IES Torre Olvidada"},"image":{"@id":"https:\/\/www.iestorreolvidada.com\/#\/schema\/logo\/image\/"},"sameAs":["https:\/\/www.facebook.com\/iestorreolvidada","https:\/\/x.com\/torre_ies","https:\/\/www.instagram.com\/ies_torre_olvidada\/?hl=es"]},{"@type":"Person","@id":"https:\/\/www.iestorreolvidada.com\/#\/schema\/person\/d5b3d5d54511de3cc4b20440de306183","name":"IES Torre Olvidada","image":{"@type":"ImageObject","inLanguage":"es","@id":"https:\/\/secure.gravatar.com\/avatar\/97634abbab78eb99a51cdc7b71ef263856b45acddbb79c08da9aa97d8ecd37ee?s=96&d=mm&r=g","url":"https:\/\/secure.gravatar.com\/avatar\/97634abbab78eb99a51cdc7b71ef263856b45acddbb79c08da9aa97d8ecd37ee?s=96&d=mm&r=g","contentUrl":"https:\/\/secure.gravatar.com\/avatar\/97634abbab78eb99a51cdc7b71ef263856b45acddbb79c08da9aa97d8ecd37ee?s=96&d=mm&r=g","caption":"IES Torre Olvidada"},"url":"https:\/\/www.iestorreolvidada.com\/index.php\/author\/comunicacion_trrolvdd\/"}]}},"jetpack_publicize_connections":[],"jetpack_featured_media_url":"https:\/\/www.iestorreolvidada.com\/wp-content\/uploads\/2024\/05\/IMG-20240510-WA0002.jpg","jetpack-related-posts":[],"jetpack_shortlink":"https:\/\/wp.me\/pemPlE-1eN","jetpack_sharing_enabled":true,"_links":{"self":[{"href":"https:\/\/www.iestorreolvidada.com\/index.php\/wp-json\/wp\/v2\/posts\/4761","targetHints":{"allow":["GET"]}}],"collection":[{"href":"https:\/\/www.iestorreolvidada.com\/index.php\/wp-json\/wp\/v2\/posts"}],"about":[{"href":"https:\/\/www.iestorreolvidada.com\/index.php\/wp-json\/wp\/v2\/types\/post"}],"author":[{"embeddable":true,"href":"https:\/\/www.iestorreolvidada.com\/index.php\/wp-json\/wp\/v2\/users\/2"}],"replies":[{"embeddable":true,"href":"https:\/\/www.iestorreolvidada.com\/index.php\/wp-json\/wp\/v2\/comments?post=4761"}],"version-history":[{"count":1,"href":"https:\/\/www.iestorreolvidada.com\/index.php\/wp-json\/wp\/v2\/posts\/4761\/revisions"}],"predecessor-version":[{"id":4765,"href":"https:\/\/www.iestorreolvidada.com\/index.php\/wp-json\/wp\/v2\/posts\/4761\/revisions\/4765"}],"wp:featuredmedia":[{"embeddable":true,"href":"https:\/\/www.iestorreolvidada.com\/index.php\/wp-json\/wp\/v2\/media\/4764"}],"wp:attachment":[{"href":"https:\/\/www.iestorreolvidada.com\/index.php\/wp-json\/wp\/v2\/media?parent=4761"}],"wp:term":[{"taxonomy":"category","embeddable":true,"href":"https:\/\/www.iestorreolvidada.com\/index.php\/wp-json\/wp\/v2\/categories?post=4761"},{"taxonomy":"post_tag","embeddable":true,"href":"https:\/\/www.iestorreolvidada.com\/index.php\/wp-json\/wp\/v2\/tags?post=4761"}],"curies":[{"name":"wp","href":"https:\/\/api.w.org\/{rel}","templated":true}]}}