{"id":4964,"date":"2024-11-21T18:15:12","date_gmt":"2024-11-21T18:15:12","guid":{"rendered":"https:\/\/www.iestorreolvidada.com\/?p=4964"},"modified":"2024-11-21T18:20:32","modified_gmt":"2024-11-21T18:20:32","slug":"concurso-de-fotografia-matematica-2024","status":"publish","type":"post","link":"https:\/\/www.iestorreolvidada.com\/index.php\/2024\/11\/21\/concurso-de-fotografia-matematica-2024\/","title":{"rendered":"Concurso de fotograf\u00eda matem\u00e1tica 2024"},"content":{"rendered":"<div><b>Concurso de fotograf\u00eda: \u00abLas matem\u00e1ticas en nuestro entorno\u00bb.<\/b><\/div>\n<div>Con motivo de la Semana de la Ciencia celebrada en nuestro instituto, se ha convocado, entre otras actividades,\u00a0 el tradicional\u00a0<b>concurso de fotograf\u00eda matem\u00e1tica.<\/b>\u00a0La tem\u00e1tica de este a\u00f1o ha sido <b>Naturaleza y Matem\u00e1ticas<\/b> y la participaci\u00f3n ha estado abierta a todos los cursos de la ESO.<\/div>\n<div>Hemos animado a nuestro alumnado a observar los paisajes de nuestro entorno desde otro punto de vista, con una visi\u00f3n matem\u00e1tica.\u00a0Las fotos participantes se han expuesto en el <em>hall<\/em> del instituto durante toda la semana y la resoluci\u00f3n de los premiados se hizo p\u00fablica ayer 20 de noviembre.<\/div>\n<div>\n<p>\u00a1Enhorabuena a los premiados!<\/p>\n<div class=\"et_pb_slider et_pb_slider_fullwidth_off et_pb_gallery_post_type\">\n\t\t\t\t<div class=\"et_pb_slides\">\n\t\t\t\t\t<div class=\"et_pb_slide\" style=\"background: url(https:\/\/www.iestorreolvidada.com\/wp-content\/uploads\/2024\/11\/Imagen-de-WhatsApp-2024-11-20-a-las-12.57.28_badff74f.jpg);\"><\/div><div class=\"et_pb_slide\" style=\"background: url(https:\/\/www.iestorreolvidada.com\/wp-content\/uploads\/2024\/11\/Imagen-de-WhatsApp-2024-11-20-a-las-12.57.27_7d3559f4.jpg);\"><\/div><div class=\"et_pb_slide\" style=\"background: url(https:\/\/www.iestorreolvidada.com\/wp-content\/uploads\/2024\/11\/Imagen-de-WhatsApp-2024-11-20-a-las-12.57.27_6c9553eb.jpg);\"><\/div><div class=\"et_pb_slide\" style=\"background: url(https:\/\/www.iestorreolvidada.com\/wp-content\/uploads\/2024\/11\/Imagen-de-WhatsApp-2024-11-20-a-las-12.56.09_3eaca789.jpg);\"><\/div><div class=\"et_pb_slide\" style=\"background: url(https:\/\/www.iestorreolvidada.com\/wp-content\/uploads\/2024\/11\/Imagen-de-WhatsApp-2024-11-20-a-las-12.56.09_f124699e.jpg);\"><\/div><div class=\"et_pb_slide\" style=\"background: url(https:\/\/www.iestorreolvidada.com\/wp-content\/uploads\/2024\/11\/Imagen-de-WhatsApp-2024-11-20-a-las-12.56.08_f47f30af.jpg);\"><\/div>\n\t\t\t\t<\/div>\n\t\t\t<\/div>\n<\/div>\n","protected":false},"excerpt":{"rendered":"<p>Concurso de fotograf\u00eda: \u00abLas matem\u00e1ticas en nuestro entorno\u00bb. Con motivo de la Semana de la Ciencia celebrada en nuestro instituto, se ha convocado, entre otras actividades,\u00a0 el tradicional\u00a0concurso de fotograf\u00eda matem\u00e1tica.\u00a0La tem\u00e1tica de este a\u00f1o ha sido Naturaleza y Matem\u00e1ticas y la participaci\u00f3n ha estado abierta a todos los cursos de la ESO. Hemos animado [&hellip;]<\/p>\n","protected":false},"author":2,"featured_media":4968,"comment_status":"open","ping_status":"open","sticky":false,"template":"","format":"standard","meta":{"_et_pb_use_builder":"","_et_pb_old_content":"","_et_gb_content_width":"","_monsterinsights_skip_tracking":false,"_monsterinsights_sitenote_active":false,"_monsterinsights_sitenote_note":"","_monsterinsights_sitenote_category":0,"_jetpack_memberships_contains_paid_content":false,"footnotes":"","jetpack_publicize_message":"","jetpack_publicize_feature_enabled":true,"jetpack_social_post_already_shared":true,"jetpack_social_options":{"image_generator_settings":{"template":"highway","default_image_id":0,"font":"","enabled":false},"version":2}},"categories":[16],"tags":[39],"class_list":["post-4964","post","type-post","status-publish","format-standard","has-post-thumbnail","hentry","category-matematicas-noticias","tag-semana-de-la-ciencia"],"yoast_head":"<!-- This site is optimized with the Yoast SEO plugin v27.4 - https:\/\/yoast.com\/product\/yoast-seo-wordpress\/ -->\n<title>Concurso de fotograf\u00eda matem\u00e1tica 2024 - IES Torre Olvidada<\/title>\n<meta name=\"description\" content=\"Concurso de fotograf\u00eda matem\u00e1tica 2024, IES Torre Olvidada, Torredelcampo, Matem\u00e1ticas,\" \/>\n<meta name=\"robots\" content=\"index, follow, max-snippet:-1, max-image-preview:large, max-video-preview:-1\" \/>\n<link rel=\"canonical\" href=\"https:\/\/www.iestorreolvidada.com\/index.php\/2024\/11\/21\/concurso-de-fotografia-matematica-2024\/\" \/>\n<meta property=\"og:locale\" content=\"es_ES\" \/>\n<meta property=\"og:type\" content=\"article\" \/>\n<meta property=\"og:title\" content=\"Concurso de fotograf\u00eda matem\u00e1tica 2024 - IES Torre Olvidada\" \/>\n<meta property=\"og:description\" content=\"Concurso de fotograf\u00eda matem\u00e1tica 2024, IES Torre Olvidada, Torredelcampo, Matem\u00e1ticas,\" \/>\n<meta property=\"og:url\" content=\"https:\/\/www.iestorreolvidada.com\/index.php\/2024\/11\/21\/concurso-de-fotografia-matematica-2024\/\" \/>\n<meta property=\"og:site_name\" content=\"IES Torre Olvidada\" \/>\n<meta property=\"article:publisher\" content=\"https:\/\/www.facebook.com\/iestorreolvidada\" \/>\n<meta property=\"article:published_time\" content=\"2024-11-21T18:15:12+00:00\" \/>\n<meta property=\"article:modified_time\" content=\"2024-11-21T18:20:32+00:00\" \/>\n<meta property=\"og:image\" content=\"https:\/\/www.iestorreolvidada.com\/wp-content\/uploads\/2024\/11\/Imagen-de-WhatsApp-2024-11-20-a-las-12.57.27_6c9553eb.jpg\" \/>\n\t<meta property=\"og:image:width\" content=\"1600\" \/>\n\t<meta property=\"og:image:height\" content=\"1200\" \/>\n\t<meta property=\"og:image:type\" content=\"image\/jpeg\" \/>\n<meta name=\"author\" content=\"IES Torre Olvidada\" \/>\n<meta name=\"twitter:card\" content=\"summary_large_image\" \/>\n<meta name=\"twitter:creator\" content=\"@torre_ies\" \/>\n<meta name=\"twitter:site\" content=\"@torre_ies\" \/>\n<meta name=\"twitter:label1\" content=\"Escrito por\" \/>\n\t<meta name=\"twitter:data1\" content=\"IES Torre Olvidada\" \/>\n\t<meta name=\"twitter:label2\" content=\"Tiempo de lectura\" \/>\n\t<meta name=\"twitter:data2\" content=\"1 minuto\" \/>\n<script type=\"application\/ld+json\" class=\"yoast-schema-graph\">{\"@context\":\"https:\\\/\\\/schema.org\",\"@graph\":[{\"@type\":\"Article\",\"@id\":\"https:\\\/\\\/www.iestorreolvidada.com\\\/index.php\\\/2024\\\/11\\\/21\\\/concurso-de-fotografia-matematica-2024\\\/#article\",\"isPartOf\":{\"@id\":\"https:\\\/\\\/www.iestorreolvidada.com\\\/index.php\\\/2024\\\/11\\\/21\\\/concurso-de-fotografia-matematica-2024\\\/\"},\"author\":{\"name\":\"IES Torre Olvidada\",\"@id\":\"https:\\\/\\\/www.iestorreolvidada.com\\\/#\\\/schema\\\/person\\\/d5b3d5d54511de3cc4b20440de306183\"},\"headline\":\"Concurso de fotograf\u00eda matem\u00e1tica 2024\",\"datePublished\":\"2024-11-21T18:15:12+00:00\",\"dateModified\":\"2024-11-21T18:20:32+00:00\",\"mainEntityOfPage\":{\"@id\":\"https:\\\/\\\/www.iestorreolvidada.com\\\/index.php\\\/2024\\\/11\\\/21\\\/concurso-de-fotografia-matematica-2024\\\/\"},\"wordCount\":127,\"commentCount\":0,\"publisher\":{\"@id\":\"https:\\\/\\\/www.iestorreolvidada.com\\\/#organization\"},\"image\":{\"@id\":\"https:\\\/\\\/www.iestorreolvidada.com\\\/index.php\\\/2024\\\/11\\\/21\\\/concurso-de-fotografia-matematica-2024\\\/#primaryimage\"},\"thumbnailUrl\":\"https:\\\/\\\/www.iestorreolvidada.com\\\/wp-content\\\/uploads\\\/2024\\\/11\\\/Imagen-de-WhatsApp-2024-11-20-a-las-12.57.27_6c9553eb.jpg\",\"keywords\":[\"Semana de la ciencia\"],\"articleSection\":[\"Matem\u00e1ticas Noticias\"],\"inLanguage\":\"es\",\"potentialAction\":[{\"@type\":\"CommentAction\",\"name\":\"Comment\",\"target\":[\"https:\\\/\\\/www.iestorreolvidada.com\\\/index.php\\\/2024\\\/11\\\/21\\\/concurso-de-fotografia-matematica-2024\\\/#respond\"]}]},{\"@type\":\"WebPage\",\"@id\":\"https:\\\/\\\/www.iestorreolvidada.com\\\/index.php\\\/2024\\\/11\\\/21\\\/concurso-de-fotografia-matematica-2024\\\/\",\"url\":\"https:\\\/\\\/www.iestorreolvidada.com\\\/index.php\\\/2024\\\/11\\\/21\\\/concurso-de-fotografia-matematica-2024\\\/\",\"name\":\"Concurso de fotograf\u00eda matem\u00e1tica 2024 - IES Torre Olvidada\",\"isPartOf\":{\"@id\":\"https:\\\/\\\/www.iestorreolvidada.com\\\/#website\"},\"primaryImageOfPage\":{\"@id\":\"https:\\\/\\\/www.iestorreolvidada.com\\\/index.php\\\/2024\\\/11\\\/21\\\/concurso-de-fotografia-matematica-2024\\\/#primaryimage\"},\"image\":{\"@id\":\"https:\\\/\\\/www.iestorreolvidada.com\\\/index.php\\\/2024\\\/11\\\/21\\\/concurso-de-fotografia-matematica-2024\\\/#primaryimage\"},\"thumbnailUrl\":\"https:\\\/\\\/www.iestorreolvidada.com\\\/wp-content\\\/uploads\\\/2024\\\/11\\\/Imagen-de-WhatsApp-2024-11-20-a-las-12.57.27_6c9553eb.jpg\",\"datePublished\":\"2024-11-21T18:15:12+00:00\",\"dateModified\":\"2024-11-21T18:20:32+00:00\",\"description\":\"Concurso de fotograf\u00eda matem\u00e1tica 2024, IES Torre Olvidada, Torredelcampo, Matem\u00e1ticas,\",\"breadcrumb\":{\"@id\":\"https:\\\/\\\/www.iestorreolvidada.com\\\/index.php\\\/2024\\\/11\\\/21\\\/concurso-de-fotografia-matematica-2024\\\/#breadcrumb\"},\"inLanguage\":\"es\",\"potentialAction\":[{\"@type\":\"ReadAction\",\"target\":[\"https:\\\/\\\/www.iestorreolvidada.com\\\/index.php\\\/2024\\\/11\\\/21\\\/concurso-de-fotografia-matematica-2024\\\/\"]}]},{\"@type\":\"ImageObject\",\"inLanguage\":\"es\",\"@id\":\"https:\\\/\\\/www.iestorreolvidada.com\\\/index.php\\\/2024\\\/11\\\/21\\\/concurso-de-fotografia-matematica-2024\\\/#primaryimage\",\"url\":\"https:\\\/\\\/www.iestorreolvidada.com\\\/wp-content\\\/uploads\\\/2024\\\/11\\\/Imagen-de-WhatsApp-2024-11-20-a-las-12.57.27_6c9553eb.jpg\",\"contentUrl\":\"https:\\\/\\\/www.iestorreolvidada.com\\\/wp-content\\\/uploads\\\/2024\\\/11\\\/Imagen-de-WhatsApp-2024-11-20-a-las-12.57.27_6c9553eb.jpg\",\"width\":1600,\"height\":1200},{\"@type\":\"BreadcrumbList\",\"@id\":\"https:\\\/\\\/www.iestorreolvidada.com\\\/index.php\\\/2024\\\/11\\\/21\\\/concurso-de-fotografia-matematica-2024\\\/#breadcrumb\",\"itemListElement\":[{\"@type\":\"ListItem\",\"position\":1,\"name\":\"Portada\",\"item\":\"https:\\\/\\\/www.iestorreolvidada.com\\\/\"},{\"@type\":\"ListItem\",\"position\":2,\"name\":\"Concurso de fotograf\u00eda matem\u00e1tica 2024\"}]},{\"@type\":\"WebSite\",\"@id\":\"https:\\\/\\\/www.iestorreolvidada.com\\\/#website\",\"url\":\"https:\\\/\\\/www.iestorreolvidada.com\\\/\",\"name\":\"IES Torre Olvidada\",\"description\":\"Instituto de Ense\u00f1anza Secundaria - Torredelcampo\",\"publisher\":{\"@id\":\"https:\\\/\\\/www.iestorreolvidada.com\\\/#organization\"},\"potentialAction\":[{\"@type\":\"SearchAction\",\"target\":{\"@type\":\"EntryPoint\",\"urlTemplate\":\"https:\\\/\\\/www.iestorreolvidada.com\\\/?s={search_term_string}\"},\"query-input\":{\"@type\":\"PropertyValueSpecification\",\"valueRequired\":true,\"valueName\":\"search_term_string\"}}],\"inLanguage\":\"es\"},{\"@type\":\"Organization\",\"@id\":\"https:\\\/\\\/www.iestorreolvidada.com\\\/#organization\",\"name\":\"IES Torre Olvidada\",\"url\":\"https:\\\/\\\/www.iestorreolvidada.com\\\/\",\"logo\":{\"@type\":\"ImageObject\",\"inLanguage\":\"es\",\"@id\":\"https:\\\/\\\/www.iestorreolvidada.com\\\/#\\\/schema\\\/logo\\\/image\\\/\",\"url\":\"https:\\\/\\\/i0.wp.com\\\/www.iestorreolvidada.com\\\/wp-content\\\/uploads\\\/2023\\\/02\\\/LOGO-IES_antiguo-2.jpg?fit=1819%2C2002&ssl=1\",\"contentUrl\":\"https:\\\/\\\/i0.wp.com\\\/www.iestorreolvidada.com\\\/wp-content\\\/uploads\\\/2023\\\/02\\\/LOGO-IES_antiguo-2.jpg?fit=1819%2C2002&ssl=1\",\"width\":1819,\"height\":2002,\"caption\":\"IES Torre Olvidada\"},\"image\":{\"@id\":\"https:\\\/\\\/www.iestorreolvidada.com\\\/#\\\/schema\\\/logo\\\/image\\\/\"},\"sameAs\":[\"https:\\\/\\\/www.facebook.com\\\/iestorreolvidada\",\"https:\\\/\\\/x.com\\\/torre_ies\",\"https:\\\/\\\/www.instagram.com\\\/ies_torre_olvidada\\\/?hl=es\"]},{\"@type\":\"Person\",\"@id\":\"https:\\\/\\\/www.iestorreolvidada.com\\\/#\\\/schema\\\/person\\\/d5b3d5d54511de3cc4b20440de306183\",\"name\":\"IES Torre Olvidada\",\"image\":{\"@type\":\"ImageObject\",\"inLanguage\":\"es\",\"@id\":\"https:\\\/\\\/secure.gravatar.com\\\/avatar\\\/97634abbab78eb99a51cdc7b71ef263856b45acddbb79c08da9aa97d8ecd37ee?s=96&d=mm&r=g\",\"url\":\"https:\\\/\\\/secure.gravatar.com\\\/avatar\\\/97634abbab78eb99a51cdc7b71ef263856b45acddbb79c08da9aa97d8ecd37ee?s=96&d=mm&r=g\",\"contentUrl\":\"https:\\\/\\\/secure.gravatar.com\\\/avatar\\\/97634abbab78eb99a51cdc7b71ef263856b45acddbb79c08da9aa97d8ecd37ee?s=96&d=mm&r=g\",\"caption\":\"IES Torre Olvidada\"},\"url\":\"https:\\\/\\\/www.iestorreolvidada.com\\\/index.php\\\/author\\\/comunicacion_trrolvdd\\\/\"}]}<\/script>\n<!-- \/ Yoast SEO plugin. -->","yoast_head_json":{"title":"Concurso de fotograf\u00eda matem\u00e1tica 2024 - IES Torre Olvidada","description":"Concurso de fotograf\u00eda matem\u00e1tica 2024, IES Torre Olvidada, Torredelcampo, Matem\u00e1ticas,","robots":{"index":"index","follow":"follow","max-snippet":"max-snippet:-1","max-image-preview":"max-image-preview:large","max-video-preview":"max-video-preview:-1"},"canonical":"https:\/\/www.iestorreolvidada.com\/index.php\/2024\/11\/21\/concurso-de-fotografia-matematica-2024\/","og_locale":"es_ES","og_type":"article","og_title":"Concurso de fotograf\u00eda matem\u00e1tica 2024 - IES Torre Olvidada","og_description":"Concurso de fotograf\u00eda matem\u00e1tica 2024, IES Torre Olvidada, Torredelcampo, Matem\u00e1ticas,","og_url":"https:\/\/www.iestorreolvidada.com\/index.php\/2024\/11\/21\/concurso-de-fotografia-matematica-2024\/","og_site_name":"IES Torre Olvidada","article_publisher":"https:\/\/www.facebook.com\/iestorreolvidada","article_published_time":"2024-11-21T18:15:12+00:00","article_modified_time":"2024-11-21T18:20:32+00:00","og_image":[{"width":1600,"height":1200,"url":"https:\/\/www.iestorreolvidada.com\/wp-content\/uploads\/2024\/11\/Imagen-de-WhatsApp-2024-11-20-a-las-12.57.27_6c9553eb.jpg","type":"image\/jpeg"}],"author":"IES Torre Olvidada","twitter_card":"summary_large_image","twitter_creator":"@torre_ies","twitter_site":"@torre_ies","twitter_misc":{"Escrito por":"IES Torre Olvidada","Tiempo de lectura":"1 minuto"},"schema":{"@context":"https:\/\/schema.org","@graph":[{"@type":"Article","@id":"https:\/\/www.iestorreolvidada.com\/index.php\/2024\/11\/21\/concurso-de-fotografia-matematica-2024\/#article","isPartOf":{"@id":"https:\/\/www.iestorreolvidada.com\/index.php\/2024\/11\/21\/concurso-de-fotografia-matematica-2024\/"},"author":{"name":"IES Torre Olvidada","@id":"https:\/\/www.iestorreolvidada.com\/#\/schema\/person\/d5b3d5d54511de3cc4b20440de306183"},"headline":"Concurso de fotograf\u00eda matem\u00e1tica 2024","datePublished":"2024-11-21T18:15:12+00:00","dateModified":"2024-11-21T18:20:32+00:00","mainEntityOfPage":{"@id":"https:\/\/www.iestorreolvidada.com\/index.php\/2024\/11\/21\/concurso-de-fotografia-matematica-2024\/"},"wordCount":127,"commentCount":0,"publisher":{"@id":"https:\/\/www.iestorreolvidada.com\/#organization"},"image":{"@id":"https:\/\/www.iestorreolvidada.com\/index.php\/2024\/11\/21\/concurso-de-fotografia-matematica-2024\/#primaryimage"},"thumbnailUrl":"https:\/\/www.iestorreolvidada.com\/wp-content\/uploads\/2024\/11\/Imagen-de-WhatsApp-2024-11-20-a-las-12.57.27_6c9553eb.jpg","keywords":["Semana de la ciencia"],"articleSection":["Matem\u00e1ticas Noticias"],"inLanguage":"es","potentialAction":[{"@type":"CommentAction","name":"Comment","target":["https:\/\/www.iestorreolvidada.com\/index.php\/2024\/11\/21\/concurso-de-fotografia-matematica-2024\/#respond"]}]},{"@type":"WebPage","@id":"https:\/\/www.iestorreolvidada.com\/index.php\/2024\/11\/21\/concurso-de-fotografia-matematica-2024\/","url":"https:\/\/www.iestorreolvidada.com\/index.php\/2024\/11\/21\/concurso-de-fotografia-matematica-2024\/","name":"Concurso de fotograf\u00eda matem\u00e1tica 2024 - IES Torre Olvidada","isPartOf":{"@id":"https:\/\/www.iestorreolvidada.com\/#website"},"primaryImageOfPage":{"@id":"https:\/\/www.iestorreolvidada.com\/index.php\/2024\/11\/21\/concurso-de-fotografia-matematica-2024\/#primaryimage"},"image":{"@id":"https:\/\/www.iestorreolvidada.com\/index.php\/2024\/11\/21\/concurso-de-fotografia-matematica-2024\/#primaryimage"},"thumbnailUrl":"https:\/\/www.iestorreolvidada.com\/wp-content\/uploads\/2024\/11\/Imagen-de-WhatsApp-2024-11-20-a-las-12.57.27_6c9553eb.jpg","datePublished":"2024-11-21T18:15:12+00:00","dateModified":"2024-11-21T18:20:32+00:00","description":"Concurso de fotograf\u00eda matem\u00e1tica 2024, IES Torre Olvidada, Torredelcampo, Matem\u00e1ticas,","breadcrumb":{"@id":"https:\/\/www.iestorreolvidada.com\/index.php\/2024\/11\/21\/concurso-de-fotografia-matematica-2024\/#breadcrumb"},"inLanguage":"es","potentialAction":[{"@type":"ReadAction","target":["https:\/\/www.iestorreolvidada.com\/index.php\/2024\/11\/21\/concurso-de-fotografia-matematica-2024\/"]}]},{"@type":"ImageObject","inLanguage":"es","@id":"https:\/\/www.iestorreolvidada.com\/index.php\/2024\/11\/21\/concurso-de-fotografia-matematica-2024\/#primaryimage","url":"https:\/\/www.iestorreolvidada.com\/wp-content\/uploads\/2024\/11\/Imagen-de-WhatsApp-2024-11-20-a-las-12.57.27_6c9553eb.jpg","contentUrl":"https:\/\/www.iestorreolvidada.com\/wp-content\/uploads\/2024\/11\/Imagen-de-WhatsApp-2024-11-20-a-las-12.57.27_6c9553eb.jpg","width":1600,"height":1200},{"@type":"BreadcrumbList","@id":"https:\/\/www.iestorreolvidada.com\/index.php\/2024\/11\/21\/concurso-de-fotografia-matematica-2024\/#breadcrumb","itemListElement":[{"@type":"ListItem","position":1,"name":"Portada","item":"https:\/\/www.iestorreolvidada.com\/"},{"@type":"ListItem","position":2,"name":"Concurso de fotograf\u00eda matem\u00e1tica 2024"}]},{"@type":"WebSite","@id":"https:\/\/www.iestorreolvidada.com\/#website","url":"https:\/\/www.iestorreolvidada.com\/","name":"IES Torre Olvidada","description":"Instituto de Ense\u00f1anza Secundaria - Torredelcampo","publisher":{"@id":"https:\/\/www.iestorreolvidada.com\/#organization"},"potentialAction":[{"@type":"SearchAction","target":{"@type":"EntryPoint","urlTemplate":"https:\/\/www.iestorreolvidada.com\/?s={search_term_string}"},"query-input":{"@type":"PropertyValueSpecification","valueRequired":true,"valueName":"search_term_string"}}],"inLanguage":"es"},{"@type":"Organization","@id":"https:\/\/www.iestorreolvidada.com\/#organization","name":"IES Torre Olvidada","url":"https:\/\/www.iestorreolvidada.com\/","logo":{"@type":"ImageObject","inLanguage":"es","@id":"https:\/\/www.iestorreolvidada.com\/#\/schema\/logo\/image\/","url":"https:\/\/i0.wp.com\/www.iestorreolvidada.com\/wp-content\/uploads\/2023\/02\/LOGO-IES_antiguo-2.jpg?fit=1819%2C2002&ssl=1","contentUrl":"https:\/\/i0.wp.com\/www.iestorreolvidada.com\/wp-content\/uploads\/2023\/02\/LOGO-IES_antiguo-2.jpg?fit=1819%2C2002&ssl=1","width":1819,"height":2002,"caption":"IES Torre Olvidada"},"image":{"@id":"https:\/\/www.iestorreolvidada.com\/#\/schema\/logo\/image\/"},"sameAs":["https:\/\/www.facebook.com\/iestorreolvidada","https:\/\/x.com\/torre_ies","https:\/\/www.instagram.com\/ies_torre_olvidada\/?hl=es"]},{"@type":"Person","@id":"https:\/\/www.iestorreolvidada.com\/#\/schema\/person\/d5b3d5d54511de3cc4b20440de306183","name":"IES Torre Olvidada","image":{"@type":"ImageObject","inLanguage":"es","@id":"https:\/\/secure.gravatar.com\/avatar\/97634abbab78eb99a51cdc7b71ef263856b45acddbb79c08da9aa97d8ecd37ee?s=96&d=mm&r=g","url":"https:\/\/secure.gravatar.com\/avatar\/97634abbab78eb99a51cdc7b71ef263856b45acddbb79c08da9aa97d8ecd37ee?s=96&d=mm&r=g","contentUrl":"https:\/\/secure.gravatar.com\/avatar\/97634abbab78eb99a51cdc7b71ef263856b45acddbb79c08da9aa97d8ecd37ee?s=96&d=mm&r=g","caption":"IES Torre Olvidada"},"url":"https:\/\/www.iestorreolvidada.com\/index.php\/author\/comunicacion_trrolvdd\/"}]}},"jetpack_publicize_connections":[],"jetpack_featured_media_url":"https:\/\/www.iestorreolvidada.com\/wp-content\/uploads\/2024\/11\/Imagen-de-WhatsApp-2024-11-20-a-las-12.57.27_6c9553eb.jpg","jetpack-related-posts":[],"jetpack_shortlink":"https:\/\/wp.me\/pemPlE-1i4","jetpack_sharing_enabled":true,"_links":{"self":[{"href":"https:\/\/www.iestorreolvidada.com\/index.php\/wp-json\/wp\/v2\/posts\/4964","targetHints":{"allow":["GET"]}}],"collection":[{"href":"https:\/\/www.iestorreolvidada.com\/index.php\/wp-json\/wp\/v2\/posts"}],"about":[{"href":"https:\/\/www.iestorreolvidada.com\/index.php\/wp-json\/wp\/v2\/types\/post"}],"author":[{"embeddable":true,"href":"https:\/\/www.iestorreolvidada.com\/index.php\/wp-json\/wp\/v2\/users\/2"}],"replies":[{"embeddable":true,"href":"https:\/\/www.iestorreolvidada.com\/index.php\/wp-json\/wp\/v2\/comments?post=4964"}],"version-history":[{"count":3,"href":"https:\/\/www.iestorreolvidada.com\/index.php\/wp-json\/wp\/v2\/posts\/4964\/revisions"}],"predecessor-version":[{"id":4975,"href":"https:\/\/www.iestorreolvidada.com\/index.php\/wp-json\/wp\/v2\/posts\/4964\/revisions\/4975"}],"wp:featuredmedia":[{"embeddable":true,"href":"https:\/\/www.iestorreolvidada.com\/index.php\/wp-json\/wp\/v2\/media\/4968"}],"wp:attachment":[{"href":"https:\/\/www.iestorreolvidada.com\/index.php\/wp-json\/wp\/v2\/media?parent=4964"}],"wp:term":[{"taxonomy":"category","embeddable":true,"href":"https:\/\/www.iestorreolvidada.com\/index.php\/wp-json\/wp\/v2\/categories?post=4964"},{"taxonomy":"post_tag","embeddable":true,"href":"https:\/\/www.iestorreolvidada.com\/index.php\/wp-json\/wp\/v2\/tags?post=4964"}],"curies":[{"name":"wp","href":"https:\/\/api.w.org\/{rel}","templated":true}]}}